{"id":9992,"date":"2014-06-25T08:04:30","date_gmt":"2014-06-25T11:04:30","guid":{"rendered":"http:\/\/archivosonoro.com.ar\/?p=9992"},"modified":"2014-06-25T08:04:30","modified_gmt":"2014-06-25T11:04:30","slug":"euforia-de-leila-guerriero","status":"publish","type":"post","link":"https:\/\/archivosonoro.com.ar\/wordpress\/?p=9992","title":{"rendered":"\u00abEuforia\u00bb de Leila Guerriero"},"content":{"rendered":"<p>Apertura del programa \u00abGuetap\u00bb -25\/Junio- con un po\u00e9ma de Leila Guerriero. Conducido por Reynaldo Sietecase en Radio Vorterix.<\/p>\n<p><strong>Euforia<\/strong><\/p>\n<p><em>Me gustan los Mundiales. Pero nunca he dejado de pensar en las cosas que pueden estar pasando a metros de la euforia m\u00eda: para qui\u00e9n es un invierno gris en medio de mi est\u00fapido verano<\/em><\/p>\n<p>\u201c\u00bfA partir de qu\u00e9 edad se puede empesar a torturar a un ni\u00f1o?\u201d. En el comienzo de la novela Dos veces junio, del argentino Mart\u00edn Kohan, un conscripto lee esa frase en un cuaderno de comunicaciones del Ej\u00e9rcito y no le llama la atenci\u00f3n el contenido, sino la falta de ortograf\u00eda: empesar con ese. El peque\u00f1o desastre ortogr\u00e1fico pone al conscripto tras los pasos del m\u00e9dico que puede responder a esa pregunta, a lo largo de una interminable noche que transcurre durante un partido de Argentina en el Mundial de 1978. Ese fue el a\u00f1o en el que mis abuelos compraron un televisor, el a\u00f1o en que yo supe que exist\u00edan los mundiales de f\u00fatbol, y el a\u00f1o en que no supe casi nada m\u00e1s: ni que los ni\u00f1os pod\u00edan torturarse, ni que mientras se jugaban los partidos bajo la mirada de ese hombre que me daba pavor (Jorge Rafael Videla, cuya visita a mi ciudad, en 1977, hab\u00eda significado un desembarco apote\u00f3sico) mucha gente padec\u00eda un grado intenso de tortura, degradaci\u00f3n, ruina, desastre. El d\u00eda en que Argentina gan\u00f3 el campeonato yo, que ten\u00eda 11 a\u00f1os, me puse muy contenta y les rogu\u00e9 a mis padres, que no quer\u00edan, que nos sum\u00e1ramos al festejo. Recuerdo que iba en el asiento de atr\u00e1s del auto. Hac\u00eda fr\u00edo, y todo estaba gris y yo gritaba, en medio de la multitud, \u201c\u00a1Ar-gen-tina!\u201d. Al d\u00eda siguiente fue lunes, y nada hab\u00eda cambiado en ninguna parte, y mis padres estaban disgustados, y el largo invierno que hab\u00eda empezado en alg\u00fan momento segu\u00eda all\u00ed, y sigui\u00f3 durante todos y cada uno de los d\u00edas que dur\u00f3 la dictadura. No s\u00e9 por qu\u00e9 les cuento esto. Me gustan los Mundiales. Pero nunca he dejado de pensar en las cosas que pueden estar pasando a metros de la euforia m\u00eda: para qui\u00e9n es un invierno gris en medio de mi est\u00fapido verano.<\/p>\n<p><iframe loading=\"lazy\" src=\"https:\/\/app.box.com\/embed_widget\/yiac4xz6daj6\/s\/3nbz1lenfkqdg77vn8xq?view=list&#038;sort=name&#038;direction=ASC&#038;theme=blue\" width=\"500\" height=\"400\" frameborder=\"0\" allowfullscreen webkitallowfullscreen mozallowfullscreen oallowfullscreen msallowfullscreen><\/iframe><\/p>\n","protected":false},"excerpt":{"rendered":"<p>Apertura del programa \u00abGuetap\u00bb -25\/Junio- con un po\u00e9ma de Leila Guerriero. Conducido por Reynaldo Sietecase en Radio Vorterix. Euforia Me gustan los Mundiales. Pero nunca he dejado de pensar en las cosas que pueden estar pasando a metros de la euforia m\u00eda: para qui\u00e9n es un invierno gris en medio de mi est\u00fapido verano \u201c\u00bfA [&hellip;]<\/p>\n","protected":false},"author":7,"featured_media":0,"comment_status":"open","ping_status":"open","sticky":false,"template":"","format":"standard","meta":{"footnotes":""},"categories":[665],"tags":[2410,2364,919],"class_list":["post-9992","post","type-post","status-publish","format-standard","hentry","category-vorterix","tag-guerriero","tag-guetap","tag-sietecase"],"_links":{"self":[{"href":"https:\/\/archivosonoro.com.ar\/wordpress\/index.php?rest_route=\/wp\/v2\/posts\/9992","targetHints":{"allow":["GET"]}}],"collection":[{"href":"https:\/\/archivosonoro.com.ar\/wordpress\/index.php?rest_route=\/wp\/v2\/posts"}],"about":[{"href":"https:\/\/archivosonoro.com.ar\/wordpress\/index.php?rest_route=\/wp\/v2\/types\/post"}],"author":[{"embeddable":true,"href":"https:\/\/archivosonoro.com.ar\/wordpress\/index.php?rest_route=\/wp\/v2\/users\/7"}],"replies":[{"embeddable":true,"href":"https:\/\/archivosonoro.com.ar\/wordpress\/index.php?rest_route=%2Fwp%2Fv2%2Fcomments&post=9992"}],"version-history":[{"count":1,"href":"https:\/\/archivosonoro.com.ar\/wordpress\/index.php?rest_route=\/wp\/v2\/posts\/9992\/revisions"}],"predecessor-version":[{"id":9993,"href":"https:\/\/archivosonoro.com.ar\/wordpress\/index.php?rest_route=\/wp\/v2\/posts\/9992\/revisions\/9993"}],"wp:attachment":[{"href":"https:\/\/archivosonoro.com.ar\/wordpress\/index.php?rest_route=%2Fwp%2Fv2%2Fmedia&parent=9992"}],"wp:term":[{"taxonomy":"category","embeddable":true,"href":"https:\/\/archivosonoro.com.ar\/wordpress\/index.php?rest_route=%2Fwp%2Fv2%2Fcategories&post=9992"},{"taxonomy":"post_tag","embeddable":true,"href":"https:\/\/archivosonoro.com.ar\/wordpress\/index.php?rest_route=%2Fwp%2Fv2%2Ftags&post=9992"}],"curies":[{"name":"wp","href":"https:\/\/api.w.org\/{rel}","templated":true}]}}