{"id":9981,"date":"2014-06-23T12:30:16","date_gmt":"2014-06-23T15:30:16","guid":{"rendered":"http:\/\/archivosonoro.com.ar\/?p=9981"},"modified":"2014-06-23T12:30:16","modified_gmt":"2014-06-23T15:30:16","slug":"gardel-de-humberto-constantini","status":"publish","type":"post","link":"https:\/\/archivosonoro.com.ar\/wordpress\/?p=9981","title":{"rendered":"\u00abGardel\u00bb de Humberto Constantini"},"content":{"rendered":"<p>Apertura del programa \u00abGuetap\u00bb -23\/Junio- con un po\u00e9ma de Humberto Constantini. Conducido por Reynaldo Sietecase en Radio Vorterix.<\/p>\n<p><strong>Gardel<\/strong><\/p>\n<p>Para m\u00ed, lo inventamos.<br \/>\nSeguramente fue una tarde de domingo,<br \/>\ncon mate, con recuerdos, con tristeza,<br \/>\ncon bailables bajito, en la radio,<br \/>\ndespu\u00e9s de los partidos.<\/p>\n<p>Seguramente nos dol\u00eda una foto en la pared,<br \/>\nalg\u00fan no tengo ganas,<br \/>\nalg\u00fan libro.<\/p>\n<p>Yo creo que andar\u00edamos as\u00ed,<br \/>\nsonsos de aburrimiento,<br \/>\nsolitariando viejos para qu\u00e9s,<br \/>\nsin mujer o sin plata,<br \/>\ny desabridos.<\/p>\n<p>Seguramente nos sentimos de golpe<br \/>\nterriblemente solos,<br \/>\nmuy hu\u00e9rfanos, muy ni\u00f1os.<br \/>\nTal vez tocamos fondo.<br \/>\nTal vez alguien pens\u00f3 en el amasijo.<\/p>\n<p>Entonces, qu\u00e9 s\u00e9 yo,<br \/>\nnos pas\u00f3 algo rar\u00edsimo.<br \/>\nNos vino como un \u00e1ngel desde adentro,<br \/>\nnos pusimos prof\u00e9ticos,<br \/>\nnos despertamos b\u00edblicos.<br \/>\nMiramos hacia las telara\u00f1as del techo,<br \/>\nnos dijimos:<br \/>\n\u201cHagamos pues un Dios a semejanza<br \/>\nde lo que quisimos ser y no pudimos.<br \/>\nD\u00e9mosle lo mejor,<br \/>\nlo m\u00e1s sue\u00f1o y lo m\u00e1s p\u00e1jaro<br \/>\nde nosotros mismos.<br \/>\nInvent\u00e9mosle un nombre, una sonrisa,<br \/>\nuna voz que perdure por los siglos,<br \/>\nun plantarse en el mundo, lindo, f\u00e1cil,<br \/>\ncomo pas\u00e1ndole ases al destino\u201d.<br \/>\nY claro, lo deseamos<br \/>\ny vino.<br \/>\nY nos sali\u00f3 morocho, glorioso, engominado,<br \/>\neterno como un Dios o como un disco.<br \/>\nSe entreabrieron los cielos de costado<br \/>\ny su voz nos cantaba:<br \/>\nmi Buenos Aires querido&#8230; <\/p>\n<p>Eran como las seis,<br \/>\nesa hora en que empiezan los bailables<br \/>\ny ya acabaron todos los partidos.<\/p>\n<p><iframe loading=\"lazy\" src=\"https:\/\/app.box.com\/embed_widget\/s\/nwf1qb4b0s92vlvmdjdg?theme=blue\" width=\"500\" height=\"400\" frameborder=\"0\"allowfullscreen webkitallowfullscreen msallowfullscreen><\/iframe><\/p>\n","protected":false},"excerpt":{"rendered":"<p>Apertura del programa \u00abGuetap\u00bb -23\/Junio- con un po\u00e9ma de Humberto Constantini. Conducido por Reynaldo Sietecase en Radio Vorterix. Gardel Para m\u00ed, lo inventamos. Seguramente fue una tarde de domingo, con mate, con recuerdos, con tristeza, con bailables bajito, en la radio, despu\u00e9s de los partidos. Seguramente nos dol\u00eda una foto en la pared, alg\u00fan no [&hellip;]<\/p>\n","protected":false},"author":7,"featured_media":0,"comment_status":"open","ping_status":"open","sticky":false,"template":"","format":"standard","meta":{"footnotes":""},"categories":[665],"tags":[2409,2364,919],"class_list":["post-9981","post","type-post","status-publish","format-standard","hentry","category-vorterix","tag-constantini","tag-guetap","tag-sietecase"],"_links":{"self":[{"href":"https:\/\/archivosonoro.com.ar\/wordpress\/index.php?rest_route=\/wp\/v2\/posts\/9981","targetHints":{"allow":["GET"]}}],"collection":[{"href":"https:\/\/archivosonoro.com.ar\/wordpress\/index.php?rest_route=\/wp\/v2\/posts"}],"about":[{"href":"https:\/\/archivosonoro.com.ar\/wordpress\/index.php?rest_route=\/wp\/v2\/types\/post"}],"author":[{"embeddable":true,"href":"https:\/\/archivosonoro.com.ar\/wordpress\/index.php?rest_route=\/wp\/v2\/users\/7"}],"replies":[{"embeddable":true,"href":"https:\/\/archivosonoro.com.ar\/wordpress\/index.php?rest_route=%2Fwp%2Fv2%2Fcomments&post=9981"}],"version-history":[{"count":1,"href":"https:\/\/archivosonoro.com.ar\/wordpress\/index.php?rest_route=\/wp\/v2\/posts\/9981\/revisions"}],"predecessor-version":[{"id":9982,"href":"https:\/\/archivosonoro.com.ar\/wordpress\/index.php?rest_route=\/wp\/v2\/posts\/9981\/revisions\/9982"}],"wp:attachment":[{"href":"https:\/\/archivosonoro.com.ar\/wordpress\/index.php?rest_route=%2Fwp%2Fv2%2Fmedia&parent=9981"}],"wp:term":[{"taxonomy":"category","embeddable":true,"href":"https:\/\/archivosonoro.com.ar\/wordpress\/index.php?rest_route=%2Fwp%2Fv2%2Fcategories&post=9981"},{"taxonomy":"post_tag","embeddable":true,"href":"https:\/\/archivosonoro.com.ar\/wordpress\/index.php?rest_route=%2Fwp%2Fv2%2Ftags&post=9981"}],"curies":[{"name":"wp","href":"https:\/\/api.w.org\/{rel}","templated":true}]}}