{"id":9962,"date":"2014-06-19T08:35:10","date_gmt":"2014-06-19T11:35:10","guid":{"rendered":"http:\/\/archivosonoro.com.ar\/?p=9962"},"modified":"2014-06-19T08:35:10","modified_gmt":"2014-06-19T11:35:10","slug":"bienvenida-de-mario-benedetti","status":"publish","type":"post","link":"https:\/\/archivosonoro.com.ar\/wordpress\/?p=9962","title":{"rendered":"\u00abBienvenida\u00bb de Mario Benedetti"},"content":{"rendered":"<p>Apertura del programa \u00abGuetap\u00bb -19\/Junio- con un po\u00e9ma de Mario Benedetti. Conducido por Reynaldo Sietecase en Radio Vorterix.<\/p>\n<p><strong>Bienvenida<\/strong><\/p>\n<p>Se me ocurre que vas a llegar distinta<br \/>\nno exactamente m\u00e1s linda<br \/>\nni m\u00e1s fuerte<br \/>\nni m\u00e1s d\u00f3cil<br \/>\nni m\u00e1s cauta<br \/>\ntan solo que vas a llegar distinta<br \/>\ncomo si esta temporada de no verme<br \/>\nte hubiera sorprendido a vos tambi\u00e9n<br \/>\nquiz\u00e1 porque sabes<br \/>\nc\u00f3mo te pienso y te enumero<\/p>\n<p>despu\u00e9s de todo la nostalgia existe<br \/>\naunque no lloremos en los andenes fantasmales<br \/>\nni sobre las almohadas de candor<br \/>\nni bajo el cielo opaco<\/p>\n<p>yo nostalgio<br \/>\ntu nostalgias<br \/>\ny c\u00f3mo me revienta que \u00e9l nostalgie<\/p>\n<p>tu rostro es la vanguardia<br \/>\ntal vez llega primero<br \/>\nporque lo pinto en las paredes<br \/>\ncon trazos invisibles y seguros<\/p>\n<p>no olvides que tu rostro<br \/>\nme mira como pueblo<br \/>\nsonr\u00ede y rabia y canta<br \/>\ncomo pueblo<br \/>\ny eso te da una lumbre<br \/>\ninapagable<br \/>\nahora no tengo dudas<br \/>\nvas a llegar distinta y con se\u00f1ales<br \/>\ncon nuevas<br \/>\ncon hondura<br \/>\ncon franqueza<\/p>\n<p>s\u00e9 que voy a quererte sin preguntas<br \/>\ns\u00e9 que vas a quererme sin respuestas.<\/p>\n<p><iframe loading=\"lazy\" src=\"https:\/\/app.box.com\/embed_widget\/j7h3x40txzeq\/s\/8gjb1nmp2uvqs3shkk7r?view=list&#038;sort=name&#038;direction=ASC&#038;theme=blue\" width=\"500\" height=\"400\" frameborder=\"0\" allowfullscreen webkitallowfullscreen mozallowfullscreen oallowfullscreen msallowfullscreen><\/iframe><\/p>\n","protected":false},"excerpt":{"rendered":"<p>Apertura del programa \u00abGuetap\u00bb -19\/Junio- con un po\u00e9ma de Mario Benedetti. Conducido por Reynaldo Sietecase en Radio Vorterix. Bienvenida Se me ocurre que vas a llegar distinta no exactamente m\u00e1s linda ni m\u00e1s fuerte ni m\u00e1s d\u00f3cil ni m\u00e1s cauta tan solo que vas a llegar distinta como si esta temporada de no verme te [&hellip;]<\/p>\n","protected":false},"author":7,"featured_media":0,"comment_status":"open","ping_status":"open","sticky":false,"template":"","format":"standard","meta":{"footnotes":""},"categories":[665],"tags":[2394,2364,919],"class_list":["post-9962","post","type-post","status-publish","format-standard","hentry","category-vorterix","tag-benedetti","tag-guetap","tag-sietecase"],"_links":{"self":[{"href":"https:\/\/archivosonoro.com.ar\/wordpress\/index.php?rest_route=\/wp\/v2\/posts\/9962","targetHints":{"allow":["GET"]}}],"collection":[{"href":"https:\/\/archivosonoro.com.ar\/wordpress\/index.php?rest_route=\/wp\/v2\/posts"}],"about":[{"href":"https:\/\/archivosonoro.com.ar\/wordpress\/index.php?rest_route=\/wp\/v2\/types\/post"}],"author":[{"embeddable":true,"href":"https:\/\/archivosonoro.com.ar\/wordpress\/index.php?rest_route=\/wp\/v2\/users\/7"}],"replies":[{"embeddable":true,"href":"https:\/\/archivosonoro.com.ar\/wordpress\/index.php?rest_route=%2Fwp%2Fv2%2Fcomments&post=9962"}],"version-history":[{"count":1,"href":"https:\/\/archivosonoro.com.ar\/wordpress\/index.php?rest_route=\/wp\/v2\/posts\/9962\/revisions"}],"predecessor-version":[{"id":9963,"href":"https:\/\/archivosonoro.com.ar\/wordpress\/index.php?rest_route=\/wp\/v2\/posts\/9962\/revisions\/9963"}],"wp:attachment":[{"href":"https:\/\/archivosonoro.com.ar\/wordpress\/index.php?rest_route=%2Fwp%2Fv2%2Fmedia&parent=9962"}],"wp:term":[{"taxonomy":"category","embeddable":true,"href":"https:\/\/archivosonoro.com.ar\/wordpress\/index.php?rest_route=%2Fwp%2Fv2%2Fcategories&post=9962"},{"taxonomy":"post_tag","embeddable":true,"href":"https:\/\/archivosonoro.com.ar\/wordpress\/index.php?rest_route=%2Fwp%2Fv2%2Ftags&post=9962"}],"curies":[{"name":"wp","href":"https:\/\/api.w.org\/{rel}","templated":true}]}}