{"id":9920,"date":"2014-06-12T18:02:00","date_gmt":"2014-06-12T21:02:00","guid":{"rendered":"http:\/\/archivosonoro.com.ar\/?p=9920"},"modified":"2014-06-12T18:02:00","modified_gmt":"2014-06-12T21:02:00","slug":"mi-esqueleto-de-alberto-pla","status":"publish","type":"post","link":"https:\/\/archivosonoro.com.ar\/wordpress\/?p=9920","title":{"rendered":"\u00abMi esqueleto\u00bb de Alberto Pla"},"content":{"rendered":"<p>Apertura del programa \u00abGuetap\u00bb -11\/Junio- con un po\u00e9ma de Alberto Pla. Conducido por Reynaldo Sietecase en Radio Vorterix.<\/p>\n<p><strong>Mi esqueleto<\/strong><\/p>\n<p>Mi esqueleto<br \/>\nAl nacer me asignaron<br \/>\ncomo a todos<br \/>\nun fragil esqueleto<br \/>\nmuy peque\u00f1o.<br \/>\nLe acept\u00e9<br \/>\ny cuid\u00e9<br \/>\na\u00f1o tras a\u00f1o<br \/>\ny crec\u00edamos los dos<br \/>\nal mismo tiempo<br \/>\ny as\u00ed convivimos juntos <\/p>\n<p>el procura no hacerse notar mucho<br \/>\nmi esqueleto es muy modesto. <\/p>\n<p>Yo procuro que \u00e9l tambi\u00e9n se sienta a gusto<br \/>\nincluso le llevo a visitar paises extranjeros <\/p>\n<p>procuro que no sufra ning\u00fan da\u00f1o<br \/>\nque le cause privarse de alg\u00fan hueso <\/p>\n<p>le hospedo deferente<br \/>\ny hasta le animo<br \/>\na que haga el amor con otros esqueletos <\/p>\n<p>y esto es lo que a \u00e9l m\u00e1s le gusta<br \/>\nmayormente<br \/>\ny luego descansar,<br \/>\ny hacerse el muerto,<br \/>\ny hacerse el muerto. <\/p>\n<p>Me place imaginar que cuando muera<br \/>\nmi esqueleto va a quedar al descubierto;<br \/>\nrepresentar\u00e1 entonces lo que fui<br \/>\nmientras viv\u00ed<br \/>\ny entonces creo,<br \/>\ncreo que as\u00ed,<br \/>\nse sentir\u00e1 m\u00e1s c\u00f3modo<br \/>\ncompleto.<\/p>\n<p><iframe loading=\"lazy\" src=\"https:\/\/app.box.com\/embed_widget\/k75u6gsr4cam\/s\/bgky43f9u4ldxbxykgrm?view=list&#038;sort=name&#038;direction=ASC&#038;theme=blue\" width=\"500\" height=\"400\" frameborder=\"0\" allowfullscreen webkitallowfullscreen mozallowfullscreen oallowfullscreen msallowfullscreen><\/iframe><\/p>\n","protected":false},"excerpt":{"rendered":"<p>Apertura del programa \u00abGuetap\u00bb -11\/Junio- con un po\u00e9ma de Alberto Pla. Conducido por Reynaldo Sietecase en Radio Vorterix. Mi esqueleto Mi esqueleto Al nacer me asignaron como a todos un fragil esqueleto muy peque\u00f1o. Le acept\u00e9 y cuid\u00e9 a\u00f1o tras a\u00f1o y crec\u00edamos los dos al mismo tiempo y as\u00ed convivimos juntos el procura no [&hellip;]<\/p>\n","protected":false},"author":7,"featured_media":0,"comment_status":"open","ping_status":"open","sticky":false,"template":"","format":"standard","meta":{"footnotes":""},"categories":[665],"tags":[2364,2400,919],"class_list":["post-9920","post","type-post","status-publish","format-standard","hentry","category-vorterix","tag-guetap","tag-pla","tag-sietecase"],"_links":{"self":[{"href":"https:\/\/archivosonoro.com.ar\/wordpress\/index.php?rest_route=\/wp\/v2\/posts\/9920","targetHints":{"allow":["GET"]}}],"collection":[{"href":"https:\/\/archivosonoro.com.ar\/wordpress\/index.php?rest_route=\/wp\/v2\/posts"}],"about":[{"href":"https:\/\/archivosonoro.com.ar\/wordpress\/index.php?rest_route=\/wp\/v2\/types\/post"}],"author":[{"embeddable":true,"href":"https:\/\/archivosonoro.com.ar\/wordpress\/index.php?rest_route=\/wp\/v2\/users\/7"}],"replies":[{"embeddable":true,"href":"https:\/\/archivosonoro.com.ar\/wordpress\/index.php?rest_route=%2Fwp%2Fv2%2Fcomments&post=9920"}],"version-history":[{"count":1,"href":"https:\/\/archivosonoro.com.ar\/wordpress\/index.php?rest_route=\/wp\/v2\/posts\/9920\/revisions"}],"predecessor-version":[{"id":9922,"href":"https:\/\/archivosonoro.com.ar\/wordpress\/index.php?rest_route=\/wp\/v2\/posts\/9920\/revisions\/9922"}],"wp:attachment":[{"href":"https:\/\/archivosonoro.com.ar\/wordpress\/index.php?rest_route=%2Fwp%2Fv2%2Fmedia&parent=9920"}],"wp:term":[{"taxonomy":"category","embeddable":true,"href":"https:\/\/archivosonoro.com.ar\/wordpress\/index.php?rest_route=%2Fwp%2Fv2%2Fcategories&post=9920"},{"taxonomy":"post_tag","embeddable":true,"href":"https:\/\/archivosonoro.com.ar\/wordpress\/index.php?rest_route=%2Fwp%2Fv2%2Ftags&post=9920"}],"curies":[{"name":"wp","href":"https:\/\/api.w.org\/{rel}","templated":true}]}}