{"id":9886,"date":"2014-06-06T11:49:29","date_gmt":"2014-06-06T14:49:29","guid":{"rendered":"http:\/\/archivosonoro.com.ar\/?p=9886"},"modified":"2014-06-06T11:49:29","modified_gmt":"2014-06-06T14:49:29","slug":"por-que-no-hay-mas-viajes-a-la-luna-de-mario-benedetti","status":"publish","type":"post","link":"https:\/\/archivosonoro.com.ar\/wordpress\/?p=9886","title":{"rendered":"\u00abPor qu\u00e9 no hay m\u00e1s viajes a la luna\u00bb de Mario Benedetti"},"content":{"rendered":"<p>Apertura del programa \u00abGuetap\u00bb -06\/Junio- con un po\u00e9ma de Mario Benedetti. Conducido por Reynaldo Sietecase en Radio Vorterix.<\/p>\n<p><strong>\u00abPor qu\u00e9 no hay m\u00e1s viajes a la luna\/strong><\/p>\n<p>Cuando el bueno de armstrong dio aquellos pasos<br \/>\ntodos registramos c\u00f3mo se mov\u00eda<br \/>\ntosco \/ pesado \/ en un suelo blancuzco<br \/>\n\u00bfo era de piedra p\u00f3mez? \u00bfqui\u00e9n se acuerda?<\/p>\n<p>durante un rato estuvo cavilando<br \/>\ny la escafandra o como se llamase<br \/>\nimped\u00eda que vi\u00e9ramos sus ojos<br \/>\npero jurar\u00eda que su mirada era<br \/>\nde pereza o abulia<\/p>\n<p>algo debi\u00f3 explicar a su regreso<br \/>\nalgo diferente al discurso de gloria<br \/>\nque le ordenaron pronunciar euf\u00f3rico<br \/>\nentre medallas flores v\u00edtores y guirnaldas<\/p>\n<p>algo debi\u00f3 decir en privado a sus jefes<br \/>\nalgo importante inesperado<\/p>\n<p>verbigracia \/ cuando estaba all\u00e1 arriba<br \/>\ncaminando como un zoombie en la luna<br \/>\nmi general mi coronel pens\u00e9 en ustedes<br \/>\ny se me ocurri\u00f3 no s\u00e9 por qu\u00e9<br \/>\nque deb\u00eda matarlos con urgencia<br \/>\nuno a uno \/ dos a dos \/ etc\u00e9tera<\/p>\n<p>o verbigracia dos \/ cuando andaba all\u00e1 \/ heroico<br \/>\npisando las fe\u00edsimas arrugas del sat\u00e9lite<br \/>\nimagin\u00e9 que as\u00ed deb\u00eda ser la muerte<br \/>\nes decir el paisaje de la muerte<\/p>\n<p>o verbigracia tres \/ cuando estaba en selene<br \/>\npaseando por la nada como un imb\u00e9cil<br \/>\nset\u00ed el asco infinito de la ausencia del hombre<br \/>\ny me dije qu\u00e9 mierda estoy haciendo aqu\u00ed<\/p>\n<p>algo as\u00ed debe haber confesado a sus jefes<br \/>\ncon su estrenada voz de robot disidente<br \/>\ny quiz\u00e1 por eso los due\u00f1os del poder<br \/>\npostergaron sine die los viajes a la luna.<\/p>\n<p><iframe loading=\"lazy\" src=\"https:\/\/app.box.com\/embed_widget\/ohkxh6gcogw9\/s\/1582vlxngwc99rf4udku?view=list&#038;sort=name&#038;direction=ASC&#038;theme=blue\" width=\"500\" height=\"400\" frameborder=\"0\" allowfullscreen webkitallowfullscreen mozallowfullscreen oallowfullscreen msallowfullscreen><\/iframe><\/p>\n","protected":false},"excerpt":{"rendered":"<p>Apertura del programa \u00abGuetap\u00bb -06\/Junio- con un po\u00e9ma de Mario Benedetti. Conducido por Reynaldo Sietecase en Radio Vorterix. \u00abPor qu\u00e9 no hay m\u00e1s viajes a la luna\/strong> Cuando el bueno de armstrong dio aquellos pasos todos registramos c\u00f3mo se mov\u00eda tosco \/ pesado \/ en un suelo blancuzco \u00bfo era de piedra p\u00f3mez? \u00bfqui\u00e9n se [&hellip;]<\/p>\n","protected":false},"author":7,"featured_media":0,"comment_status":"open","ping_status":"open","sticky":false,"template":"","format":"standard","meta":{"footnotes":""},"categories":[665],"tags":[2394,2364,919],"class_list":["post-9886","post","type-post","status-publish","format-standard","hentry","category-vorterix","tag-benedetti","tag-guetap","tag-sietecase"],"_links":{"self":[{"href":"https:\/\/archivosonoro.com.ar\/wordpress\/index.php?rest_route=\/wp\/v2\/posts\/9886","targetHints":{"allow":["GET"]}}],"collection":[{"href":"https:\/\/archivosonoro.com.ar\/wordpress\/index.php?rest_route=\/wp\/v2\/posts"}],"about":[{"href":"https:\/\/archivosonoro.com.ar\/wordpress\/index.php?rest_route=\/wp\/v2\/types\/post"}],"author":[{"embeddable":true,"href":"https:\/\/archivosonoro.com.ar\/wordpress\/index.php?rest_route=\/wp\/v2\/users\/7"}],"replies":[{"embeddable":true,"href":"https:\/\/archivosonoro.com.ar\/wordpress\/index.php?rest_route=%2Fwp%2Fv2%2Fcomments&post=9886"}],"version-history":[{"count":3,"href":"https:\/\/archivosonoro.com.ar\/wordpress\/index.php?rest_route=\/wp\/v2\/posts\/9886\/revisions"}],"predecessor-version":[{"id":9889,"href":"https:\/\/archivosonoro.com.ar\/wordpress\/index.php?rest_route=\/wp\/v2\/posts\/9886\/revisions\/9889"}],"wp:attachment":[{"href":"https:\/\/archivosonoro.com.ar\/wordpress\/index.php?rest_route=%2Fwp%2Fv2%2Fmedia&parent=9886"}],"wp:term":[{"taxonomy":"category","embeddable":true,"href":"https:\/\/archivosonoro.com.ar\/wordpress\/index.php?rest_route=%2Fwp%2Fv2%2Fcategories&post=9886"},{"taxonomy":"post_tag","embeddable":true,"href":"https:\/\/archivosonoro.com.ar\/wordpress\/index.php?rest_route=%2Fwp%2Fv2%2Ftags&post=9886"}],"curies":[{"name":"wp","href":"https:\/\/api.w.org\/{rel}","templated":true}]}}