{"id":9592,"date":"2014-05-21T09:35:46","date_gmt":"2014-05-21T12:35:46","guid":{"rendered":"http:\/\/archivosonoro.com.ar\/?p=9592"},"modified":"2014-05-21T09:35:46","modified_gmt":"2014-05-21T12:35:46","slug":"llamo-al-toro-de-espana-de-miguelhernandez","status":"publish","type":"post","link":"https:\/\/archivosonoro.com.ar\/wordpress\/?p=9592","title":{"rendered":"\u00abLlamo al toro de Espa\u00f1a\u00bb de MiguelHernandez"},"content":{"rendered":"<p>Apertura del programa \u00abGuetap\u00bb -21\/Mayo- con un po\u00e9ma de Miguel Hernandez. Conducido por Reynaldo Sietecase en Radio Vorterix.<\/p>\n<p><strong>Llamo al toro de Espa\u00f1a<\/strong><\/p>\n<p>Alza, toro de Espa\u00f1a: lev\u00e1ntate, despierta.<br \/>\nDespi\u00e9rtate del todo, toro de negra espuma,<br \/>\nque respiras la luz y rezumas la sombra,<br \/>\ny concentras los mares bajo tu piel cerrada.<\/p>\n<p>Despi\u00e9rtate.<\/p>\n<p>Despi\u00e9rtate del todo, que te veo dormido,<br \/>\nun pedazo del pecho y otro de la cabeza:<br \/>\nque a\u00fan no te has despertado como despierta un toro<br \/>\ncuando se le acomete con traiciones lobunas.<\/p>\n<p>Lev\u00e1ntate.<\/p>\n<p>Resopla tu poder, despliega tu esqueleto,<br \/>\nenarbola tu frente con las rotundas hachas,<br \/>\ncon las dos herramientas de asustar a los astros,<br \/>\nde amenazar al cielo con astas de tragedia.<\/p>\n<p>Esgr\u00edmete.<\/p>\n<p>Toro en la primavera m\u00e1s toro que otras veces,<br \/>\nen Espa\u00f1a m\u00e1s toro, toro, que en otras partes.<br \/>\nM\u00e1s c\u00e1lido que nunca, m\u00e1s volc\u00e1nico, toro,<br \/>\nque irradias, que iluminas al fuego, y\u00e9rguete.<\/p>\n<p>Desencad\u00e9nate.<\/p>\n<p>Desencadena el raudo coraz\u00f3n que te orienta<br \/>\npor las plazas de Espa\u00f1a, sobre su astral arena.<br \/>\nA desollarte vivo vienen lobos y \u00e1guilas<br \/>\nque han envidiado siempre tu hermosura de pueblo.<\/p>\n<p>Y\u00e9rguete.<\/p>\n<p>No te van a castrar: no dejar\u00e1s que llegue<br \/>\nhasta tus atributos de var\u00f3n abundante<br \/>\nesa mano felina que pretende arranc\u00e1rtelos<br \/>\nde cuajo, impunemente: patal\u00e9alos, toro.<\/p>\n<p>V\u00edbrate.<\/p>\n<p>No te van a absorber la sangre de riqueza,<br \/>\nno te arrebatar\u00e1n los ojos minerales.<br \/>\nLa piel donde recoge resplandor el lucero<br \/>\nno arrancar\u00e1n del toro de torrencial mercurio.<\/p>\n<p>Revu\u00e9lvete.<\/p>\n<p>Es como si quisieran arrancar la piel al sol,<br \/>\nal torrente la espuma con u\u00f1a y picotazo.<br \/>\nNo te van a castrar, poder tan masculino<br \/>\nque fecundas la piedra; no te van a castrar.<\/p>\n<p>Tru\u00e9nate.<\/p>\n<p>No retrocede el toro: no da un paso hacia atr\u00e1s<br \/>\nsi no es para escarbar sangre y furia en la arena,<br \/>\nunir todas sus fuerzas, y desde las pezu\u00f1as<br \/>\nabalanzarse luego con decisi\u00f3n de rayo.<\/p>\n<p>Abal\u00e1nzate.<\/p>\n<p>Gran toro que en el bronce y en la piedra has mamado,<br \/>\ny en el granito fiero paciste la fiereza:<br \/>\nrevu\u00e9lvete en el alma de todos los que han visto<br \/>\nla luz primera en esta pen\u00ednsula ultrajada.<\/p>\n<p>Revu\u00e9lvete.<\/p>\n<p>Partido en dos pedazos, este toro de siglos,<br \/>\neste toro que dentro de nosotros habita:<br \/>\npartido en dos mitades, con una matar\u00eda<br \/>\ny con la otra mitad morir\u00eda luchando.<\/p>\n<p>Atorbell\u00ednate.<\/p>\n<p>De la airada cabeza que fortalece el mundo,<br \/>\ndel cuello como un bloque de titanes en marcha,<br \/>\nbrotar\u00e1 la victoria como un ancho bramido<br \/>\nque har\u00e1 sangrar al m\u00e1rmol y sonar a la arena.<\/p>\n<p>S\u00e1lvate.<\/p>\n<p>Despierta, toro: esgrime, desencadena, v\u00edbrate.<br \/>\nLevanta, toro: truena, toro, abal\u00e1nzate.<br \/>\nAtorbell\u00ednate, toro: revu\u00e9lvete.<br \/>\nS\u00e1lvate, denso toro de emoci\u00f3n y de Espa\u00f1a.<\/p>\n<p>S\u00e1lvate.<\/p>\n<p><iframe loading=\"lazy\" src=\"https:\/\/app.box.com\/embed_widget\/qjd99vfiemcw\/s\/7889zqt5ka21711tdf0l?view=list&#038;sort=name&#038;direction=ASC&#038;theme=blue\" width=\"500\" height=\"400\" frameborder=\"0\" allowfullscreen webkitallowfullscreen mozallowfullscreen oallowfullscreen msallowfullscreen><\/iframe><\/p>\n","protected":false},"excerpt":{"rendered":"<p>Apertura del programa \u00abGuetap\u00bb -21\/Mayo- con un po\u00e9ma de Miguel Hernandez. Conducido por Reynaldo Sietecase en Radio Vorterix. Llamo al toro de Espa\u00f1a Alza, toro de Espa\u00f1a: lev\u00e1ntate, despierta. Despi\u00e9rtate del todo, toro de negra espuma, que respiras la luz y rezumas la sombra, y concentras los mares bajo tu piel cerrada. Despi\u00e9rtate. Despi\u00e9rtate del [&hellip;]<\/p>\n","protected":false},"author":7,"featured_media":0,"comment_status":"open","ping_status":"open","sticky":false,"template":"","format":"standard","meta":{"footnotes":""},"categories":[665],"tags":[2364,2387,919],"class_list":["post-9592","post","type-post","status-publish","format-standard","hentry","category-vorterix","tag-guetap","tag-hernandez","tag-sietecase"],"_links":{"self":[{"href":"https:\/\/archivosonoro.com.ar\/wordpress\/index.php?rest_route=\/wp\/v2\/posts\/9592","targetHints":{"allow":["GET"]}}],"collection":[{"href":"https:\/\/archivosonoro.com.ar\/wordpress\/index.php?rest_route=\/wp\/v2\/posts"}],"about":[{"href":"https:\/\/archivosonoro.com.ar\/wordpress\/index.php?rest_route=\/wp\/v2\/types\/post"}],"author":[{"embeddable":true,"href":"https:\/\/archivosonoro.com.ar\/wordpress\/index.php?rest_route=\/wp\/v2\/users\/7"}],"replies":[{"embeddable":true,"href":"https:\/\/archivosonoro.com.ar\/wordpress\/index.php?rest_route=%2Fwp%2Fv2%2Fcomments&post=9592"}],"version-history":[{"count":1,"href":"https:\/\/archivosonoro.com.ar\/wordpress\/index.php?rest_route=\/wp\/v2\/posts\/9592\/revisions"}],"predecessor-version":[{"id":9593,"href":"https:\/\/archivosonoro.com.ar\/wordpress\/index.php?rest_route=\/wp\/v2\/posts\/9592\/revisions\/9593"}],"wp:attachment":[{"href":"https:\/\/archivosonoro.com.ar\/wordpress\/index.php?rest_route=%2Fwp%2Fv2%2Fmedia&parent=9592"}],"wp:term":[{"taxonomy":"category","embeddable":true,"href":"https:\/\/archivosonoro.com.ar\/wordpress\/index.php?rest_route=%2Fwp%2Fv2%2Fcategories&post=9592"},{"taxonomy":"post_tag","embeddable":true,"href":"https:\/\/archivosonoro.com.ar\/wordpress\/index.php?rest_route=%2Fwp%2Fv2%2Ftags&post=9592"}],"curies":[{"name":"wp","href":"https:\/\/api.w.org\/{rel}","templated":true}]}}