{"id":9550,"date":"2014-05-14T11:41:14","date_gmt":"2014-05-14T14:41:14","guid":{"rendered":"http:\/\/archivosonoro.com.ar\/?p=9550"},"modified":"2014-05-14T11:42:44","modified_gmt":"2014-05-14T14:42:44","slug":"manes-f-neurocientifico-la-memoria-humana-es-el-acto-mas-creativo-del-cerebro","status":"publish","type":"post","link":"https:\/\/archivosonoro.com.ar\/wordpress\/?p=9550","title":{"rendered":"Manes F, Neurocient\u00edfico: \u00abLa memoria humana es el acto m\u00e1s creativo del cerebro&#8230;\u00bb"},"content":{"rendered":"<p>Facundo Manes, Neur\u00f3logo y Neurocient\u00edfico fue entrevistado en Radio Vorterix.<\/p>\n<blockquote><p>\u00abLa memoria humana es el acto m\u00e1s creativo del cerebro. La memoria cada vez que la evocamos, la reconstruimos\u00bb<\/p><\/blockquote>\n<p>En la entrevista adem\u00e1s de ser consultado sobre neurociencia y su desarrollo, respondi\u00f3 sobre la cabeza de un pol\u00edtico. Ac\u00e1 algunas conclusiones vertidas por el Dr. Manes:<br \/>\n\u00abLa neurociencia ha demostrado que cada vez que evocamos algo, que contamos algo, lo recreamos. El acto mas creativo quiz\u00e1s del cerebro humano, es la memoria. Cada vez que memorizamos algo, que recordamos algo, lo reconstruimos, ya que la memoria no es el hecho que vivimos, es el \u00faltimo recuerdo. Porque cada vez que lo contamos, lo vamos modificando.\u00bb<\/p>\n<p><iframe loading=\"lazy\" src=\"https:\/\/app.box.com\/embed_widget\/396499q3161w\/s\/6z7qazmzhdxmqylv3u5v?view=list&#038;sort=name&#038;direction=ASC&#038;theme=blue\" width=\"500\" height=\"400\" frameborder=\"0\" allowfullscreen webkitallowfullscreen mozallowfullscreen oallowfullscreen msallowfullscreen><\/iframe><\/p>\n","protected":false},"excerpt":{"rendered":"<p>Facundo Manes, Neur\u00f3logo y Neurocient\u00edfico fue entrevistado en Radio Vorterix. \u00abLa memoria humana es el acto m\u00e1s creativo del cerebro. La memoria cada vez que la evocamos, la reconstruimos\u00bb En la entrevista adem\u00e1s de ser consultado sobre neurociencia y su desarrollo, respondi\u00f3 sobre la cabeza de un pol\u00edtico. Ac\u00e1 algunas conclusiones vertidas por el Dr. [&hellip;]<\/p>\n","protected":false},"author":7,"featured_media":0,"comment_status":"open","ping_status":"open","sticky":false,"template":"","format":"standard","meta":{"footnotes":""},"categories":[665],"tags":[2372,2374,2373],"class_list":["post-9550","post","type-post","status-publish","format-standard","hentry","category-vorterix","tag-manes","tag-memoria","tag-neurociencia"],"_links":{"self":[{"href":"https:\/\/archivosonoro.com.ar\/wordpress\/index.php?rest_route=\/wp\/v2\/posts\/9550","targetHints":{"allow":["GET"]}}],"collection":[{"href":"https:\/\/archivosonoro.com.ar\/wordpress\/index.php?rest_route=\/wp\/v2\/posts"}],"about":[{"href":"https:\/\/archivosonoro.com.ar\/wordpress\/index.php?rest_route=\/wp\/v2\/types\/post"}],"author":[{"embeddable":true,"href":"https:\/\/archivosonoro.com.ar\/wordpress\/index.php?rest_route=\/wp\/v2\/users\/7"}],"replies":[{"embeddable":true,"href":"https:\/\/archivosonoro.com.ar\/wordpress\/index.php?rest_route=%2Fwp%2Fv2%2Fcomments&post=9550"}],"version-history":[{"count":3,"href":"https:\/\/archivosonoro.com.ar\/wordpress\/index.php?rest_route=\/wp\/v2\/posts\/9550\/revisions"}],"predecessor-version":[{"id":9553,"href":"https:\/\/archivosonoro.com.ar\/wordpress\/index.php?rest_route=\/wp\/v2\/posts\/9550\/revisions\/9553"}],"wp:attachment":[{"href":"https:\/\/archivosonoro.com.ar\/wordpress\/index.php?rest_route=%2Fwp%2Fv2%2Fmedia&parent=9550"}],"wp:term":[{"taxonomy":"category","embeddable":true,"href":"https:\/\/archivosonoro.com.ar\/wordpress\/index.php?rest_route=%2Fwp%2Fv2%2Fcategories&post=9550"},{"taxonomy":"post_tag","embeddable":true,"href":"https:\/\/archivosonoro.com.ar\/wordpress\/index.php?rest_route=%2Fwp%2Fv2%2Ftags&post=9550"}],"curies":[{"name":"wp","href":"https:\/\/api.w.org\/{rel}","templated":true}]}}