{"id":9544,"date":"2014-05-14T09:19:23","date_gmt":"2014-05-14T12:19:23","guid":{"rendered":"http:\/\/archivosonoro.com.ar\/?p=9544"},"modified":"2014-05-14T09:20:05","modified_gmt":"2014-05-14T12:20:05","slug":"oda-al-traje-de-pablo-neruda","status":"publish","type":"post","link":"https:\/\/archivosonoro.com.ar\/wordpress\/?p=9544","title":{"rendered":"\u00abOda al traje\u00bb de Pablo Neruda"},"content":{"rendered":"<p>Apertura del programa \u00abGuetap\u00bb -14\/Mayo- con un po\u00e9ma de Pablo Neruda. Conducido por Reynaldo Sietecase en Radio Vorterix.<\/p>\n<p><strong>Oda al traje<\/strong><\/p>\n<p>Cada ma\u00f1ana esperas,<br \/>\ntraje, sobre una silla<br \/>\nque te llene<br \/>\nmi vanidad, mi amor,<br \/>\nmi esperanza, mi cuerpo.<br \/>\nApenas<br \/>\nsalgo del sue\u00f1o,<br \/>\nme despido del agua,<br \/>\nentro en tus mangas,<br \/>\nmis piernas buscan<br \/>\nel hueco de tus piernas<br \/>\ny as\u00ed abrazado<br \/>\npor tu fidelidad infatigable<br \/>\nsalgo a pisar el pasto,<br \/>\nentro en la poes\u00eda,<br \/>\nmiro por las ventanas,<br \/>\nlas cosas,<br \/>\nlos hombres, las mujeres,<br \/>\nlos hechos y las luchas<br \/>\nme van formando,<br \/>\nme van haciendo frente<br \/>\nlabr\u00e1ndome las manos,<br \/>\nabri\u00e9ndome los ojos,<br \/>\ngast\u00e1ndome la boca<br \/>\ny as\u00ed,<br \/>\ntraje,<br \/>\nyo tambi\u00e9n voy form\u00e1ndote,<br \/>\nsac\u00e1ndote los codos,<br \/>\nrompi\u00e9ndote los hilos,<br \/>\ny as\u00ed tu vida crece<br \/>\na imagen de mi vida.<br \/>\nAl viento<br \/>\nondulas y resuenas<br \/>\ncomo si fueras mi alma,<br \/>\nen los malos minutos<br \/>\nte adhieres<br \/>\na mis huesos<br \/>\nvac\u00edos, por la noche<br \/>\nla oscuridad, el sue\u00f1o<br \/>\npueblan con sus fantasmas<br \/>\ntus alas y las m\u00edas.<br \/>\nYo pregunto<br \/>\nsi un d\u00eda<br \/>\nuna bala<br \/>\ndel enemigo<br \/>\nte dejar\u00e1 una mancha de mi sangre<br \/>\ny entonces<br \/>\nte morir\u00e1s conmigo<br \/>\no tal vez<br \/>\nno sea todo<br \/>\ntan dram\u00e1tico<br \/>\nsino simple,<br \/>\ny te ir\u00e1s enfermando,<br \/>\ntraje,<br \/>\nconmigo,<br \/>\nenvejeciendo<br \/>\nconmigo, con mi cuerpo<br \/>\ny juntos<br \/>\nentraremos<br \/>\na la tierra.<br \/>\nPor eso<br \/>\ncada d\u00eda<br \/>\nte saludo<br \/>\ncon reverencia y luego<br \/>\nme abrazas y te olvido,<br \/>\nporque uno solo somos<br \/>\ny seguiremos siendo<br \/>\nfrente al viento, en la noche,<br \/>\nlas calles o la lucha<br \/>\nun solo cuerpo<br \/>\ntal vez, tal vez, alguna vez inm\u00f3vil.<\/p>\n<p><iframe loading=\"lazy\" src=\"https:\/\/app.box.com\/embed_widget\/qeayjkc0eruj\/s\/h02igsbx0mrp4ruafrcj?view=list&#038;sort=name&#038;direction=ASC&#038;theme=blue\" width=\"500\" height=\"400\" frameborder=\"0\" allowfullscreen webkitallowfullscreen mozallowfullscreen oallowfullscreen msallowfullscreen><\/iframe><\/p>\n","protected":false},"excerpt":{"rendered":"<p>Apertura del programa \u00abGuetap\u00bb -14\/Mayo- con un po\u00e9ma de Pablo Neruda. Conducido por Reynaldo Sietecase en Radio Vorterix. Oda al traje Cada ma\u00f1ana esperas, traje, sobre una silla que te llene mi vanidad, mi amor, mi esperanza, mi cuerpo. Apenas salgo del sue\u00f1o, me despido del agua, entro en tus mangas, mis piernas buscan el [&hellip;]<\/p>\n","protected":false},"author":7,"featured_media":0,"comment_status":"open","ping_status":"open","sticky":false,"template":"","format":"standard","meta":{"footnotes":""},"categories":[665],"tags":[2364,2369,919],"class_list":["post-9544","post","type-post","status-publish","format-standard","hentry","category-vorterix","tag-guetap","tag-neruda","tag-sietecase"],"_links":{"self":[{"href":"https:\/\/archivosonoro.com.ar\/wordpress\/index.php?rest_route=\/wp\/v2\/posts\/9544","targetHints":{"allow":["GET"]}}],"collection":[{"href":"https:\/\/archivosonoro.com.ar\/wordpress\/index.php?rest_route=\/wp\/v2\/posts"}],"about":[{"href":"https:\/\/archivosonoro.com.ar\/wordpress\/index.php?rest_route=\/wp\/v2\/types\/post"}],"author":[{"embeddable":true,"href":"https:\/\/archivosonoro.com.ar\/wordpress\/index.php?rest_route=\/wp\/v2\/users\/7"}],"replies":[{"embeddable":true,"href":"https:\/\/archivosonoro.com.ar\/wordpress\/index.php?rest_route=%2Fwp%2Fv2%2Fcomments&post=9544"}],"version-history":[{"count":1,"href":"https:\/\/archivosonoro.com.ar\/wordpress\/index.php?rest_route=\/wp\/v2\/posts\/9544\/revisions"}],"predecessor-version":[{"id":9545,"href":"https:\/\/archivosonoro.com.ar\/wordpress\/index.php?rest_route=\/wp\/v2\/posts\/9544\/revisions\/9545"}],"wp:attachment":[{"href":"https:\/\/archivosonoro.com.ar\/wordpress\/index.php?rest_route=%2Fwp%2Fv2%2Fmedia&parent=9544"}],"wp:term":[{"taxonomy":"category","embeddable":true,"href":"https:\/\/archivosonoro.com.ar\/wordpress\/index.php?rest_route=%2Fwp%2Fv2%2Fcategories&post=9544"},{"taxonomy":"post_tag","embeddable":true,"href":"https:\/\/archivosonoro.com.ar\/wordpress\/index.php?rest_route=%2Fwp%2Fv2%2Ftags&post=9544"}],"curies":[{"name":"wp","href":"https:\/\/api.w.org\/{rel}","templated":true}]}}