{"id":9504,"date":"2014-05-08T11:35:58","date_gmt":"2014-05-08T14:35:58","guid":{"rendered":"http:\/\/archivosonoro.com.ar\/?p=9504"},"modified":"2014-05-08T11:35:58","modified_gmt":"2014-05-08T14:35:58","slug":"cuatro-boleros-maroqueros-de-antonio-cisneros","status":"publish","type":"post","link":"https:\/\/archivosonoro.com.ar\/wordpress\/?p=9504","title":{"rendered":"\u00abCuatro boleros maroqueros\u00bb de Antonio Cisneros"},"content":{"rendered":"<p>Apertura del programa \u00abGuetap\u00bb -08\/Mayo- con un po\u00e9ma de Antonio Cisneros. Conducido por Reynaldo Sietecase en Radio Vorterix.<\/p>\n<p><strong>Cuatro boleros maroqueros<\/strong><\/p>\n<p>1<br \/>\nCon las \u00faltimas lluvias te largaste<br \/>\ny entonces yo cre\u00ed<br \/>\nque para la casa m\u00e1s aburrida del suburbio<br \/>\nno habr\u00edan primaveras<br \/>\nni oto\u00f1os ni inviernos ni veranos.<\/p>\n<p>Pero no.<\/p>\n<p>Las estaciones se cumplieron<br \/>\ncomo estaban previstas en cualquier almanaque<br \/>\nY la due\u00f1a de la casa y el cartero<br \/>\nno me volvieron a preguntar<br \/>\npor ti.<\/p>\n<p>2<br \/>\nPara olvidarme de ti y no mirarte<br \/>\nmiro el viaje de las moscas por el aire<br \/>\n         Gran Estilo<br \/>\n                  Gran Velocidad<br \/>\n                           Gran Altura<\/p>\n<p>3<br \/>\nPara olvidarte me agarro al primer tren y salgo al campo<br \/>\nImposible<br \/>\nY es que tu ausencia<br \/>\ntiene algo de Flora de Fauna de Pic Nic.<\/p>\n<p>4<br \/>\nNo me aumentaron el sueldo por tu ausencia<br \/>\nsin embargo<br \/>\nel frasco de Nescaf\u00e9 me dura el doble<br \/>\nel triple las hojas de afeitar.<\/p>\n<p><iframe loading=\"lazy\" src=\"https:\/\/app.box.com\/embed_widget\/bstriwed18tg\/s\/zdvhxq792loae66radk6?view=list&#038;sort=name&#038;direction=ASC&#038;theme=blue\" width=\"500\" height=\"400\" frameborder=\"0\" allowfullscreen webkitallowfullscreen mozallowfullscreen oallowfullscreen msallowfullscreen><\/iframe><\/p>\n","protected":false},"excerpt":{"rendered":"<p>Apertura del programa \u00abGuetap\u00bb -08\/Mayo- con un po\u00e9ma de Antonio Cisneros. Conducido por Reynaldo Sietecase en Radio Vorterix. Cuatro boleros maroqueros 1 Con las \u00faltimas lluvias te largaste y entonces yo cre\u00ed que para la casa m\u00e1s aburrida del suburbio no habr\u00edan primaveras ni oto\u00f1os ni inviernos ni veranos. Pero no. Las estaciones se cumplieron [&hellip;]<\/p>\n","protected":false},"author":7,"featured_media":0,"comment_status":"open","ping_status":"open","sticky":false,"template":"","format":"standard","meta":{"footnotes":""},"categories":[665],"tags":[2363,2364,919],"class_list":["post-9504","post","type-post","status-publish","format-standard","hentry","category-vorterix","tag-cisneros","tag-guetap","tag-sietecase"],"_links":{"self":[{"href":"https:\/\/archivosonoro.com.ar\/wordpress\/index.php?rest_route=\/wp\/v2\/posts\/9504","targetHints":{"allow":["GET"]}}],"collection":[{"href":"https:\/\/archivosonoro.com.ar\/wordpress\/index.php?rest_route=\/wp\/v2\/posts"}],"about":[{"href":"https:\/\/archivosonoro.com.ar\/wordpress\/index.php?rest_route=\/wp\/v2\/types\/post"}],"author":[{"embeddable":true,"href":"https:\/\/archivosonoro.com.ar\/wordpress\/index.php?rest_route=\/wp\/v2\/users\/7"}],"replies":[{"embeddable":true,"href":"https:\/\/archivosonoro.com.ar\/wordpress\/index.php?rest_route=%2Fwp%2Fv2%2Fcomments&post=9504"}],"version-history":[{"count":1,"href":"https:\/\/archivosonoro.com.ar\/wordpress\/index.php?rest_route=\/wp\/v2\/posts\/9504\/revisions"}],"predecessor-version":[{"id":9505,"href":"https:\/\/archivosonoro.com.ar\/wordpress\/index.php?rest_route=\/wp\/v2\/posts\/9504\/revisions\/9505"}],"wp:attachment":[{"href":"https:\/\/archivosonoro.com.ar\/wordpress\/index.php?rest_route=%2Fwp%2Fv2%2Fmedia&parent=9504"}],"wp:term":[{"taxonomy":"category","embeddable":true,"href":"https:\/\/archivosonoro.com.ar\/wordpress\/index.php?rest_route=%2Fwp%2Fv2%2Fcategories&post=9504"},{"taxonomy":"post_tag","embeddable":true,"href":"https:\/\/archivosonoro.com.ar\/wordpress\/index.php?rest_route=%2Fwp%2Fv2%2Ftags&post=9504"}],"curies":[{"name":"wp","href":"https:\/\/api.w.org\/{rel}","templated":true}]}}