{"id":9371,"date":"2014-04-10T23:31:38","date_gmt":"2014-04-11T02:31:38","guid":{"rendered":"http:\/\/archivosonoro.com.ar\/?p=9371"},"modified":"2014-04-10T23:31:38","modified_gmt":"2014-04-11T02:31:38","slug":"analisis-y-opiniones-sobre-la-medida-del-fuerza-del-10-de-abril","status":"publish","type":"post","link":"https:\/\/archivosonoro.com.ar\/wordpress\/?p=9371","title":{"rendered":"An\u00e1lisis y opiniones sobre la medida del fuerza del 10 de abril."},"content":{"rendered":"<p>Dejamos a su disposici\u00f3n audios de diferentes sectores de la sociedad respecto al paro del d\u00eda 10 de abril.<\/p>\n<p>Oyentes. Quejas por paro. FM98.1.<br \/>\n<iframe loading=\"lazy\" src=\"https:\/\/app.box.com\/embed_widget\/iuvv4azam41u\/s\/apkbvgu8rl5v603bbreo?view=list&#038;sort=name&#038;direction=ASC&#038;theme=blue\" width=\"500\" height=\"400\" frameborder=\"0\" allowfullscreen webkitallowfullscreen mozallowfullscreen oallowfullscreen msallowfullscreen><\/iframe><\/p>\n<p>Vargas G, Camioneros. FMLatecno.<br \/>\nhttps:\/\/app.box.com\/s\/4xfpcb7x9it9yjmf2qwm<\/p>\n<p>Bisso C, periodista R\u00edo Grande. RNU.<br \/>\nhttps:\/\/app.box.com\/s\/xf0d6iqn4xbk8gzvkbjz<\/p>\n<p>Calder\u00f3n R, UTHGRA. RNU.<br \/>\nhttps:\/\/app.box.com\/s\/4mbabr9o9w31k6qt8vdw<\/p>\n<p>Lopez Auil H, Sutef. FMAireLibre.<br \/>\nhttps:\/\/app.box.com\/s\/d09p1y8zbmhsksfml0e8<\/p>\n","protected":false},"excerpt":{"rendered":"<p>Dejamos a su disposici\u00f3n audios de diferentes sectores de la sociedad respecto al paro del d\u00eda 10 de abril. Oyentes. Quejas por paro. FM98.1. Vargas G, Camioneros. FMLatecno. https:\/\/app.box.com\/s\/4xfpcb7x9it9yjmf2qwm Bisso C, periodista R\u00edo Grande. RNU. https:\/\/app.box.com\/s\/xf0d6iqn4xbk8gzvkbjz Calder\u00f3n R, UTHGRA. RNU. https:\/\/app.box.com\/s\/4mbabr9o9w31k6qt8vdw Lopez Auil H, Sutef. FMAireLibre. https:\/\/app.box.com\/s\/d09p1y8zbmhsksfml0e8<\/p>\n","protected":false},"author":7,"featured_media":0,"comment_status":"open","ping_status":"open","sticky":false,"template":"","format":"standard","meta":{"footnotes":""},"categories":[640],"tags":[945,211,1143,186,31,206,185],"class_list":["post-9371","post","type-post","status-publish","format-standard","hentry","category-archivo-sonoro","tag-bisso","tag-calderon","tag-camioneros","tag-moyano","tag-sutef","tag-uthgra","tag-vargas"],"_links":{"self":[{"href":"https:\/\/archivosonoro.com.ar\/wordpress\/index.php?rest_route=\/wp\/v2\/posts\/9371","targetHints":{"allow":["GET"]}}],"collection":[{"href":"https:\/\/archivosonoro.com.ar\/wordpress\/index.php?rest_route=\/wp\/v2\/posts"}],"about":[{"href":"https:\/\/archivosonoro.com.ar\/wordpress\/index.php?rest_route=\/wp\/v2\/types\/post"}],"author":[{"embeddable":true,"href":"https:\/\/archivosonoro.com.ar\/wordpress\/index.php?rest_route=\/wp\/v2\/users\/7"}],"replies":[{"embeddable":true,"href":"https:\/\/archivosonoro.com.ar\/wordpress\/index.php?rest_route=%2Fwp%2Fv2%2Fcomments&post=9371"}],"version-history":[{"count":1,"href":"https:\/\/archivosonoro.com.ar\/wordpress\/index.php?rest_route=\/wp\/v2\/posts\/9371\/revisions"}],"predecessor-version":[{"id":9372,"href":"https:\/\/archivosonoro.com.ar\/wordpress\/index.php?rest_route=\/wp\/v2\/posts\/9371\/revisions\/9372"}],"wp:attachment":[{"href":"https:\/\/archivosonoro.com.ar\/wordpress\/index.php?rest_route=%2Fwp%2Fv2%2Fmedia&parent=9371"}],"wp:term":[{"taxonomy":"category","embeddable":true,"href":"https:\/\/archivosonoro.com.ar\/wordpress\/index.php?rest_route=%2Fwp%2Fv2%2Fcategories&post=9371"},{"taxonomy":"post_tag","embeddable":true,"href":"https:\/\/archivosonoro.com.ar\/wordpress\/index.php?rest_route=%2Fwp%2Fv2%2Ftags&post=9371"}],"curies":[{"name":"wp","href":"https:\/\/api.w.org\/{rel}","templated":true}]}}