{"id":9219,"date":"2014-03-05T12:31:53","date_gmt":"2014-03-05T15:31:53","guid":{"rendered":"http:\/\/archivosonoro.com.ar\/?p=9219"},"modified":"2014-03-05T12:31:53","modified_gmt":"2014-03-05T15:31:53","slug":"zaffaroni-rechazo-las-criticas-de-massa-al-anteproyecto-de-codigo-penal-y-le-pidio-que-vaya-a-estudiar","status":"publish","type":"post","link":"https:\/\/archivosonoro.com.ar\/wordpress\/?p=9219","title":{"rendered":"Zaffaroni rechaz\u00f3 las cr\u00edticas de Massa al anteproyecto de C\u00f3digo Penal y le pidi\u00f3 que \u00abvaya a estudiar\u00bb"},"content":{"rendered":"<p>El juez de la Corte Suprema aconsej\u00f3 al l\u00edder del Frente Renovador que \u00abvuelva un rato a la facultad de Derecho y lea los libros, que no muerden\u00bb. Asegur\u00f3 que \u00abno es cierto que se elimina la prisi\u00f3n perpetua\u00bb porque esa figura en realidad nunca existi\u00f3 en la Argentina. <\/p>\n<p><iframe loading=\"lazy\" src=\"https:\/\/app.box.com\/embed_widget\/qn8yagvrdi5a\/s\/9u01nxvhha6ahl22c5vl?view=list&#038;sort=name&#038;direction=ASC&#038;theme=blue\" width=\"500\" height=\"400\" frameborder=\"0\" allowfullscreen webkitallowfullscreen mozallowfullscreen oallowfullscreen msallowfullscreen><\/iframe><\/p>\n<p>\u00abCon actitudes como esta, (Sergio) Massa est\u00e1 demostrando la inmadurez de la clase pol\u00edtica\u00bb, apunt\u00f3 Eugenio Ra\u00fal Zaffaroni luego de que el l\u00edder del Frente Renovador saliera a denunciar el anteproyecto de reforma del C\u00f3digo Penal porque \u00abprev\u00e9 que ocho de cada diez delitos sean excarcelables\u00bb.<\/p>\n<p>El juez de la Corte Suprema, que encabez\u00f3 la comisi\u00f3n redactora del proyecto junto a diputados de diferentes sectores pol\u00edticos, pidi\u00f3 que el ahora ex intendente de Tigre \u00abvaya a estudiar\u00bb porque confunde principios b\u00e1sicos del derecho argentino.<\/p>\n<p>El a\u00f1o pasado, Massa se recibi\u00f3 de abogado en la Universidad de Belgrano. Sin embargo, Zaffaroni lo invit\u00f3 a que \u00abvuelva un rato a la facultad de Derecho y lea los libros, que no muerden\u00bb. \u00abLa excarcelaci\u00f3n es una cuesti\u00f3n procesal, no del C\u00f3digo Penal. El C\u00f3digo Penal no regula la excarcelaci\u00f3n  ni regula la prisi\u00f3n preventiva, son facultades del C\u00f3digo Procesal\u00bb, explic\u00f3 el magistrado, en di\u00e1logo con el programa \u00abAtando cabos\u00bb de Radio Cooperativa.<\/p>\n<p>El ministro, que dejar\u00e1 su cargo en enero de 2015 cuando cumpla 75 a\u00f1os, advirti\u00f3 que \u00abno es cierto que se elimina la prisi\u00f3n perpetua\u00bb debido a que los argentinos \u00abnunca tuvimos (la figura de la) prisi\u00f3n perpetua\u00bb. Record\u00f3 que fue Mariano Moreno quien la \u00abllam\u00f3 prisi\u00f3n perpetua, pero nunca lo fue\u00bb, debido a que \u00abla prisi\u00f3n perpetua efectiva ser\u00eda inconstitucional\u00bb. El m\u00e1ximo de prisi\u00f3n es de 30 a\u00f1os; el m\u00e1ximo admitido internacionalmente\u00bb, explic\u00f3.<\/p>\n<p>Este fin de semana, despu\u00e9s de la Asamblea Legislativa, el Frente Renovador anunci\u00f3 su intenci\u00f3n de convocar a una consulta popular para conocer si los argentinos est\u00e1n de acuerdo con la reforma. \u00abSe consolida la ley de la puerta giratoria, es un mecanismo que piensa en el reo y no en la gente, elimina la reincidencia, se acaban los premios y castigos; es lo mismo el que roba una vez que el que lo hace diez\u00bb, dijo Massa este lunes.<\/p>\n<p>\u00abConsidero que no hay que apresurarse: el anteproyecto lo tiene el Ejecutivo y el Ministerio (de Justicia) sabr\u00e1 cu\u00e1ndo lanzarlo y ponerlo en discusi\u00f3n. No hay publicaci\u00f3n oficial, de modo que lo que se discute es sobre un borrador que alg\u00fan colaborador poco confiable ha hecho circular sin nuestro consentimiento\u00bb, aclar\u00f3 Zaffaroni.<\/p>\n<p>Quien sorprendi\u00f3 al sumarse a las cr\u00edticas contra Massa fue el diputado Federico Pinedo. F\u00e9rreo opositor al kirchnerismo, el dirigente macrista explic\u00f3 que integr\u00f3 la comisi\u00f3n que redact\u00f3 el anteproyecto de C\u00f3digo Penal para \u00abno dejar que hicieran lo que quisiesen\u00bb. En di\u00e1logo con radio Mitre, coincidi\u00f3 con Zaffaroni al se\u00f1alar que el Frente Renovador comete numerosas inexactitudes en sus cr\u00edticas: \u00abMassa dijo por ejemplo que la corrupci\u00f3n era excarcelable, pero tiene un m\u00e1ximo de pena de 12 a\u00f1os, por lo que no es excarcelable\u00bb.<\/p>\n<p>Pinedo asegur\u00f3 adem\u00e1s que no hay una reducci\u00f3n general de las penas, sino que se \u00abreducen 111 y se aumentan 150\u00bb. \u00abEl valor m\u00e1ximo a defender es la vida, as\u00ed que el asesinato tiene la pena m\u00e1xima. Despu\u00e9s se hizo una escala para tratar de mostrar una proporcionalidad. Pero puede ser que el Congreso despu\u00e9s diga que un delito le preocupa especialmente y acerque su pena a la del homicidio\u00bb, detall\u00f3.<\/p>\n<p>De todas formas, el diputado que responde a Mauricio Macri reconoci\u00f3 que comparte dos grandes cr\u00edticas que hace Massa al anteproyecto: \u00abLa reincidencia no ser\u00eda agravante, yo creo que tendr\u00eda que ser un agravante necesario. El otro tema es la eliminaci\u00f3n de la prisi\u00f3n perpetua. En realidad, a los 20 a\u00f1os a los delincuentes con perpetua los largan. Lo que se hizo es aumentar los m\u00e1ximos del c\u00f3digo de 25 a 30 a\u00f1os. Propuse que se generara un mecanismo de control judicial para que la sociedad tenga controlado al delincuente. Ninguna de mis dos disidencias fue aceptada por la comisi\u00f3n. Est\u00e1n planteadas las dos alternativas en el papel de trabajo\u00bb.<\/p>\n<p>Fuente textual: Infobae<\/p>\n","protected":false},"excerpt":{"rendered":"<p>El juez de la Corte Suprema aconsej\u00f3 al l\u00edder del Frente Renovador que \u00abvuelva un rato a la facultad de Derecho y lea los libros, que no muerden\u00bb. Asegur\u00f3 que \u00abno es cierto que se elimina la prisi\u00f3n perpetua\u00bb porque esa figura en realidad nunca existi\u00f3 en la Argentina. \u00abCon actitudes como esta, (Sergio) Massa [&hellip;]<\/p>\n","protected":false},"author":7,"featured_media":0,"comment_status":"open","ping_status":"open","sticky":false,"template":"","format":"standard","meta":{"footnotes":""},"categories":[76],"tags":[2322,488],"class_list":["post-9219","post","type-post","status-publish","format-standard","hentry","category-otras","tag-massa","tag-zaffaroni"],"_links":{"self":[{"href":"https:\/\/archivosonoro.com.ar\/wordpress\/index.php?rest_route=\/wp\/v2\/posts\/9219","targetHints":{"allow":["GET"]}}],"collection":[{"href":"https:\/\/archivosonoro.com.ar\/wordpress\/index.php?rest_route=\/wp\/v2\/posts"}],"about":[{"href":"https:\/\/archivosonoro.com.ar\/wordpress\/index.php?rest_route=\/wp\/v2\/types\/post"}],"author":[{"embeddable":true,"href":"https:\/\/archivosonoro.com.ar\/wordpress\/index.php?rest_route=\/wp\/v2\/users\/7"}],"replies":[{"embeddable":true,"href":"https:\/\/archivosonoro.com.ar\/wordpress\/index.php?rest_route=%2Fwp%2Fv2%2Fcomments&post=9219"}],"version-history":[{"count":1,"href":"https:\/\/archivosonoro.com.ar\/wordpress\/index.php?rest_route=\/wp\/v2\/posts\/9219\/revisions"}],"predecessor-version":[{"id":9220,"href":"https:\/\/archivosonoro.com.ar\/wordpress\/index.php?rest_route=\/wp\/v2\/posts\/9219\/revisions\/9220"}],"wp:attachment":[{"href":"https:\/\/archivosonoro.com.ar\/wordpress\/index.php?rest_route=%2Fwp%2Fv2%2Fmedia&parent=9219"}],"wp:term":[{"taxonomy":"category","embeddable":true,"href":"https:\/\/archivosonoro.com.ar\/wordpress\/index.php?rest_route=%2Fwp%2Fv2%2Fcategories&post=9219"},{"taxonomy":"post_tag","embeddable":true,"href":"https:\/\/archivosonoro.com.ar\/wordpress\/index.php?rest_route=%2Fwp%2Fv2%2Ftags&post=9219"}],"curies":[{"name":"wp","href":"https:\/\/api.w.org\/{rel}","templated":true}]}}