{"id":9087,"date":"2014-01-31T11:03:06","date_gmt":"2014-01-31T14:03:06","guid":{"rendered":"http:\/\/archivosonoro.com.ar\/?p=9087"},"modified":"2014-01-31T11:03:50","modified_gmt":"2014-01-31T14:03:50","slug":"tierra-del-fuego-seria-catastrofico-el-quite-de-subsidios","status":"publish","type":"post","link":"https:\/\/archivosonoro.com.ar\/wordpress\/?p=9087","title":{"rendered":"Tierra del Fuego: ser\u00eda \u00abcatastr\u00f3fico\u00bb el quite de subsidios"},"content":{"rendered":"<p>La ministra de Industria e Innovaci\u00f3n Productiva de la provincia del sur, Carolina Yutrovic, explic\u00f3 c\u00f3mo afectar\u00eda el plan de Kicillof.<\/p>\n<p>\u201cPara nosotros ser\u00eda catastr\u00f3fico\u201d. As\u00ed defini\u00f3 la ministra de Industria e Innovaci\u00f3n Productiva de Tierra del Fuego, Carolina Yutrovic, las consecuencias que podr\u00eda tener el plan del ministro de Econom\u00eda de la Naci\u00f3n, Axel Kicillof, referido a limitar el r\u00e9gimen de promoci\u00f3n industrial en esa provincia para recuperar el d\u00e9ficit que ronda los 8 mil millones de d\u00f3lares.<br \/>\nEn comunicaci\u00f3n telef\u00f3nica con MDZ Radio, la funcionaria explic\u00f3 que en promedio la actividad industrial, particularmente de electr\u00f3nica y electrodom\u00e9sticos, genera cerca de 15 mil puestos de trabajo.<br \/>\n\u201cEsto no es un dato menor porque son familias que dependen en forma directa de este trabajo\u201d, argument\u00f3 Yutrovic.<br \/>\nA\u00f1adi\u00f3, en el mismo sentido, que s\u00f3lo la electr\u00f3nica genera un 40 por ciento del empleo en el sector privado.<br \/>\n\u201cEsto es un valor innegable porque tiene un derrame sobre otros temas. Para que te des una idea, la industria hoy mueve una facturaci\u00f3n de 36 mil millones de pesos\u201d, ejemplific\u00f3.<br \/>\nEl Gobierno nacional ha hecho foco en las deficiencias que presenta la actividad industrial de Tierra del Fuego que debe servirse, particularmente en la electr\u00f3nica, de insumos importados que terminan encareciendo el proceso productivo y, en consecuencia, el producto final.<br \/>\nAl respecto, la ministra consultada dijo que \u201cse est\u00e1 tratando, desde hace dos a\u00f1os, de poder ir sustituyendo los insumos importados y para ello se est\u00e1 intentando que las empresas, no s\u00f3lo de aqu\u00ed sino tambi\u00e9n de otras provincias del pa\u00eds, pudieran convertirse en proveedoras de esta industria. Sin embargo, no es una tarea f\u00e1cil sino que llevar\u00e1 mucho tiempo\u201d.<br \/>\nEn tal sentido, coment\u00f3 que ya hay ciertos productos que tienen la obligatoriedad incorporar un 20 por ciento de insumos nacionales. \u201cComo es el caso de aire y componentes de audio\u201d, ejemplific\u00f3.<br \/>\nFinalmente, reivindic\u00f3 la actividad industrial en una provincia que, seg\u00fan dijo, fue desindustrializada y vaciada por ciertas medidas pol\u00edticas.<br \/>\n\u201cHay una gran cantidad de familias argentinas que han venido a buscar un futuro ac\u00e1 y lo han encontrado. Me pongo a pensar en alguna \u00e9poca vivida y sufrida en la que por decisiones pol\u00edticas se opt\u00f3 desindustrializar y vaciar este lugar. Ac\u00e1 se notaba esto porque eran muchas las familias que hab\u00edan migrado para poder encontrar trabajo y futuro y bueno, con el tiempo, el Estado se tuvo que hacer cargo con todo lo que ello signific\u00f3 y significa\u201d, concluy\u00f3.<br \/>\nEscuch\u00e1 aqu\u00ed la entrevista completa:<\/p>\n<p><iframe loading=\"lazy\" src=\"https:\/\/app.box.com\/embed_widget\/3eozl8xmkx6x\/s\/0csiwgbc9jnpq1hv4kw1?view=list&#038;sort=name&#038;direction=ASC&#038;theme=blue\" width=\"500\" height=\"400\" frameborder=\"0\" allowfullscreen webkitallowfullscreen mozallowfullscreen oallowfullscreen msallowfullscreen><\/iframe><\/p>\n<p>Fuente: MDZ Radio FM 105.5. \u00abTe digo lo que pienso\u00bb de lunes a viernes de 7 a 9.30.<\/p>\n","protected":false},"excerpt":{"rendered":"<p>La ministra de Industria e Innovaci\u00f3n Productiva de la provincia del sur, Carolina Yutrovic, explic\u00f3 c\u00f3mo afectar\u00eda el plan de Kicillof. \u201cPara nosotros ser\u00eda catastr\u00f3fico\u201d. As\u00ed defini\u00f3 la ministra de Industria e Innovaci\u00f3n Productiva de Tierra del Fuego, Carolina Yutrovic, las consecuencias que podr\u00eda tener el plan del ministro de Econom\u00eda de la Naci\u00f3n, Axel [&hellip;]<\/p>\n","protected":false},"author":7,"featured_media":0,"comment_status":"open","ping_status":"open","sticky":false,"template":"","format":"standard","meta":{"footnotes":""},"categories":[76],"tags":[2326,739],"class_list":["post-9087","post","type-post","status-publish","format-standard","hentry","category-otras","tag-kicillof","tag-yutrovic"],"_links":{"self":[{"href":"https:\/\/archivosonoro.com.ar\/wordpress\/index.php?rest_route=\/wp\/v2\/posts\/9087","targetHints":{"allow":["GET"]}}],"collection":[{"href":"https:\/\/archivosonoro.com.ar\/wordpress\/index.php?rest_route=\/wp\/v2\/posts"}],"about":[{"href":"https:\/\/archivosonoro.com.ar\/wordpress\/index.php?rest_route=\/wp\/v2\/types\/post"}],"author":[{"embeddable":true,"href":"https:\/\/archivosonoro.com.ar\/wordpress\/index.php?rest_route=\/wp\/v2\/users\/7"}],"replies":[{"embeddable":true,"href":"https:\/\/archivosonoro.com.ar\/wordpress\/index.php?rest_route=%2Fwp%2Fv2%2Fcomments&post=9087"}],"version-history":[{"count":2,"href":"https:\/\/archivosonoro.com.ar\/wordpress\/index.php?rest_route=\/wp\/v2\/posts\/9087\/revisions"}],"predecessor-version":[{"id":9089,"href":"https:\/\/archivosonoro.com.ar\/wordpress\/index.php?rest_route=\/wp\/v2\/posts\/9087\/revisions\/9089"}],"wp:attachment":[{"href":"https:\/\/archivosonoro.com.ar\/wordpress\/index.php?rest_route=%2Fwp%2Fv2%2Fmedia&parent=9087"}],"wp:term":[{"taxonomy":"category","embeddable":true,"href":"https:\/\/archivosonoro.com.ar\/wordpress\/index.php?rest_route=%2Fwp%2Fv2%2Fcategories&post=9087"},{"taxonomy":"post_tag","embeddable":true,"href":"https:\/\/archivosonoro.com.ar\/wordpress\/index.php?rest_route=%2Fwp%2Fv2%2Ftags&post=9087"}],"curies":[{"name":"wp","href":"https:\/\/api.w.org\/{rel}","templated":true}]}}