{"id":8961,"date":"2014-01-08T10:56:59","date_gmt":"2014-01-08T13:56:59","guid":{"rendered":"http:\/\/archivosonoro.com.ar\/?p=8961"},"modified":"2014-01-08T16:13:50","modified_gmt":"2014-01-08T19:13:50","slug":"kicillof-a-mtro-econ-desmiente-a-echegaray-r-afip","status":"publish","type":"post","link":"https:\/\/archivosonoro.com.ar\/wordpress\/?p=8961","title":{"rendered":"Kicillof A, Mtro. Econom\u00eda desmiente a Echegaray R (AFIP)"},"content":{"rendered":"<p>El Ministro de Econom\u00eda neg\u00f3 que el impuesto a los bienes personales se tome sobre el valor de mercado de las propiedades. Desminti\u00f3 de esta manera las afirmaciones del titular de la AFIP, Ricardo Echegaray.<\/p>\n<p>\u00abHoy a la ma\u00f1ana le pregunt\u00e9 a la presidente (&#8230;) ten\u00edamos las mismas versiones period\u00edsticas que hoy est\u00e1n dando vueltas sobre la cuesti\u00f3n de la tasaci\u00f3n de los inmuebles a valor de mercado y <strong>lo descart\u00f3 terminantemente<\/strong>. Estamos trabajando un paquete anti evasi\u00f3n 3, lo que no implica una reforma impositiva de esa envergadura\u00bb declar\u00f3 Kicillof.<\/p>\n<p><iframe loading=\"lazy\" src=\"https:\/\/app.box.com\/embed_widget\/xxw3jnw4ozwf\/s\/zw8zkuyldq900yxh26f6?view=list&#038;sort=name&#038;direction=ASC&#038;theme=blue\" width=\"500\" height=\"400\" frameborder=\"0\" allowfullscreen webkitallowfullscreen mozallowfullscreen oallowfullscreen msallowfullscreen><\/iframe><\/p>\n","protected":false},"excerpt":{"rendered":"<p>El Ministro de Econom\u00eda neg\u00f3 que el impuesto a los bienes personales se tome sobre el valor de mercado de las propiedades. Desminti\u00f3 de esta manera las afirmaciones del titular de la AFIP, Ricardo Echegaray. \u00abHoy a la ma\u00f1ana le pregunt\u00e9 a la presidente (&#8230;) ten\u00edamos las mismas versiones period\u00edsticas que hoy est\u00e1n dando vueltas [&hellip;]<\/p>\n","protected":false},"author":7,"featured_media":0,"comment_status":"open","ping_status":"open","sticky":false,"template":"","format":"standard","meta":{"footnotes":""},"categories":[1089],"tags":[2327,2328,2326,34],"class_list":["post-8961","post","type-post","status-publish","format-standard","hentry","category-radio-del-plata","tag-afip","tag-echegaray","tag-kicillof","tag-kirchner"],"_links":{"self":[{"href":"https:\/\/archivosonoro.com.ar\/wordpress\/index.php?rest_route=\/wp\/v2\/posts\/8961","targetHints":{"allow":["GET"]}}],"collection":[{"href":"https:\/\/archivosonoro.com.ar\/wordpress\/index.php?rest_route=\/wp\/v2\/posts"}],"about":[{"href":"https:\/\/archivosonoro.com.ar\/wordpress\/index.php?rest_route=\/wp\/v2\/types\/post"}],"author":[{"embeddable":true,"href":"https:\/\/archivosonoro.com.ar\/wordpress\/index.php?rest_route=\/wp\/v2\/users\/7"}],"replies":[{"embeddable":true,"href":"https:\/\/archivosonoro.com.ar\/wordpress\/index.php?rest_route=%2Fwp%2Fv2%2Fcomments&post=8961"}],"version-history":[{"count":3,"href":"https:\/\/archivosonoro.com.ar\/wordpress\/index.php?rest_route=\/wp\/v2\/posts\/8961\/revisions"}],"predecessor-version":[{"id":8967,"href":"https:\/\/archivosonoro.com.ar\/wordpress\/index.php?rest_route=\/wp\/v2\/posts\/8961\/revisions\/8967"}],"wp:attachment":[{"href":"https:\/\/archivosonoro.com.ar\/wordpress\/index.php?rest_route=%2Fwp%2Fv2%2Fmedia&parent=8961"}],"wp:term":[{"taxonomy":"category","embeddable":true,"href":"https:\/\/archivosonoro.com.ar\/wordpress\/index.php?rest_route=%2Fwp%2Fv2%2Fcategories&post=8961"},{"taxonomy":"post_tag","embeddable":true,"href":"https:\/\/archivosonoro.com.ar\/wordpress\/index.php?rest_route=%2Fwp%2Fv2%2Ftags&post=8961"}],"curies":[{"name":"wp","href":"https:\/\/api.w.org\/{rel}","templated":true}]}}