{"id":8713,"date":"2013-12-11T10:32:09","date_gmt":"2013-12-11T13:32:09","guid":{"rendered":"http:\/\/archivosonoro.com.ar\/?p=8713"},"modified":"2013-12-11T10:32:09","modified_gmt":"2013-12-11T13:32:09","slug":"serrat-j-recibio-el-premio-azucena-villaflor","status":"publish","type":"post","link":"https:\/\/archivosonoro.com.ar\/wordpress\/?p=8713","title":{"rendered":"Serrat J, recibi\u00f3 el premio Azucena Villaflor"},"content":{"rendered":"<p>\u00abDebemos seguir peleando y mucho, por conseguir una educaci\u00f3n m\u00e1s democr\u00e1tica, una sanidad m\u00e1s democr\u00e1tica, una justicia m\u00e1s democr\u00e1tica, unas administraciones m\u00e1s democr\u00e1ticas; y que realmente la democracia sea algo consustancial con nosotros, con nuestros gobernantes y con nuestros gobernados, que sea algo que forme parte del pa\u00eds, como una raz\u00f3n indiscutible para que un pueblo exista y para que un pueblo pueda avanzar.\u00bb<\/p>\n<p><iframe loading=\"lazy\" src=\"https:\/\/app.box.com\/embed_widget\/mm4xgxe58gr9\/s\/hghf943ranmne5ma7pci?view=list&#038;sort=name&#038;direction=ASC&#038;theme=blue\" width=\"500\" height=\"400\" frameborder=\"0\" allowfullscreen webkitallowfullscreen mozallowfullscreen oallowfullscreen msallowfullscreen><\/iframe><\/p>\n","protected":false},"excerpt":{"rendered":"<p>\u00abDebemos seguir peleando y mucho, por conseguir una educaci\u00f3n m\u00e1s democr\u00e1tica, una sanidad m\u00e1s democr\u00e1tica, una justicia m\u00e1s democr\u00e1tica, unas administraciones m\u00e1s democr\u00e1ticas; y que realmente la democracia sea algo consustancial con nosotros, con nuestros gobernantes y con nuestros gobernados, que sea algo que forme parte del pa\u00eds, como una raz\u00f3n indiscutible para que un [&hellip;]<\/p>\n","protected":false},"author":7,"featured_media":0,"comment_status":"open","ping_status":"open","sticky":false,"template":"","format":"standard","meta":{"footnotes":""},"categories":[1329],"tags":[2296,437],"class_list":["post-8713","post","type-post","status-publish","format-standard","hentry","category-radio-nacional-argentina","tag-30-anos-democracia","tag-serrat"],"_links":{"self":[{"href":"https:\/\/archivosonoro.com.ar\/wordpress\/index.php?rest_route=\/wp\/v2\/posts\/8713","targetHints":{"allow":["GET"]}}],"collection":[{"href":"https:\/\/archivosonoro.com.ar\/wordpress\/index.php?rest_route=\/wp\/v2\/posts"}],"about":[{"href":"https:\/\/archivosonoro.com.ar\/wordpress\/index.php?rest_route=\/wp\/v2\/types\/post"}],"author":[{"embeddable":true,"href":"https:\/\/archivosonoro.com.ar\/wordpress\/index.php?rest_route=\/wp\/v2\/users\/7"}],"replies":[{"embeddable":true,"href":"https:\/\/archivosonoro.com.ar\/wordpress\/index.php?rest_route=%2Fwp%2Fv2%2Fcomments&post=8713"}],"version-history":[{"count":1,"href":"https:\/\/archivosonoro.com.ar\/wordpress\/index.php?rest_route=\/wp\/v2\/posts\/8713\/revisions"}],"predecessor-version":[{"id":8714,"href":"https:\/\/archivosonoro.com.ar\/wordpress\/index.php?rest_route=\/wp\/v2\/posts\/8713\/revisions\/8714"}],"wp:attachment":[{"href":"https:\/\/archivosonoro.com.ar\/wordpress\/index.php?rest_route=%2Fwp%2Fv2%2Fmedia&parent=8713"}],"wp:term":[{"taxonomy":"category","embeddable":true,"href":"https:\/\/archivosonoro.com.ar\/wordpress\/index.php?rest_route=%2Fwp%2Fv2%2Fcategories&post=8713"},{"taxonomy":"post_tag","embeddable":true,"href":"https:\/\/archivosonoro.com.ar\/wordpress\/index.php?rest_route=%2Fwp%2Fv2%2Ftags&post=8713"}],"curies":[{"name":"wp","href":"https:\/\/api.w.org\/{rel}","templated":true}]}}