{"id":8640,"date":"2013-12-03T14:02:35","date_gmt":"2013-12-03T17:02:35","guid":{"rendered":"http:\/\/archivosonoro.com.ar\/?p=8640"},"modified":"2013-12-03T15:23:30","modified_gmt":"2013-12-03T18:23:30","slug":"lopez-r-sec-ucra-se-refirio-al-conflicto-con-autobuses-santa-fe","status":"publish","type":"post","link":"https:\/\/archivosonoro.com.ar\/wordpress\/?p=8640","title":{"rendered":"Lopez R, Secretario de la UCRA, tambi\u00e9n se refiri\u00f3 al conflicto con Autobuses Santa F\u00e9"},"content":{"rendered":"<p><embed src=\"https:\/\/app.box.com\/embed\/8vj7tuwgjxisl9y.swf\" width=\"466\" height=\"40\" wmode=\"opaque\" type=\"application\/x-shockwave-flash\" allowFullScreen=\"true\" allowScriptAccess=\"always\"><\/p>\n","protected":false},"excerpt":{"rendered":"","protected":false},"author":7,"featured_media":0,"comment_status":"open","ping_status":"open","sticky":false,"template":"","format":"standard","meta":{"footnotes":""},"categories":[41],"tags":[59,2182,1549],"class_list":["post-8640","post","type-post","status-publish","format-standard","hentry","category-radio-uno","tag-lopez","tag-transporte-publico","tag-ucra"],"_links":{"self":[{"href":"https:\/\/archivosonoro.com.ar\/wordpress\/index.php?rest_route=\/wp\/v2\/posts\/8640","targetHints":{"allow":["GET"]}}],"collection":[{"href":"https:\/\/archivosonoro.com.ar\/wordpress\/index.php?rest_route=\/wp\/v2\/posts"}],"about":[{"href":"https:\/\/archivosonoro.com.ar\/wordpress\/index.php?rest_route=\/wp\/v2\/types\/post"}],"author":[{"embeddable":true,"href":"https:\/\/archivosonoro.com.ar\/wordpress\/index.php?rest_route=\/wp\/v2\/users\/7"}],"replies":[{"embeddable":true,"href":"https:\/\/archivosonoro.com.ar\/wordpress\/index.php?rest_route=%2Fwp%2Fv2%2Fcomments&post=8640"}],"version-history":[{"count":2,"href":"https:\/\/archivosonoro.com.ar\/wordpress\/index.php?rest_route=\/wp\/v2\/posts\/8640\/revisions"}],"predecessor-version":[{"id":8645,"href":"https:\/\/archivosonoro.com.ar\/wordpress\/index.php?rest_route=\/wp\/v2\/posts\/8640\/revisions\/8645"}],"wp:attachment":[{"href":"https:\/\/archivosonoro.com.ar\/wordpress\/index.php?rest_route=%2Fwp%2Fv2%2Fmedia&parent=8640"}],"wp:term":[{"taxonomy":"category","embeddable":true,"href":"https:\/\/archivosonoro.com.ar\/wordpress\/index.php?rest_route=%2Fwp%2Fv2%2Fcategories&post=8640"},{"taxonomy":"post_tag","embeddable":true,"href":"https:\/\/archivosonoro.com.ar\/wordpress\/index.php?rest_route=%2Fwp%2Fv2%2Ftags&post=8640"}],"curies":[{"name":"wp","href":"https:\/\/api.w.org\/{rel}","templated":true}]}}