{"id":8364,"date":"2013-11-14T13:02:58","date_gmt":"2013-11-14T16:02:58","guid":{"rendered":"http:\/\/archivosonoro.com.ar\/?p=8364"},"modified":"2013-11-14T13:07:03","modified_gmt":"2013-11-14T16:07:03","slug":"vicente-sinchicay-ipaussprevios-a-estos-refuerzos-estaba-proyectado-un-deficit-que-superaba-los-340-millones-de-pesos","status":"publish","type":"post","link":"https:\/\/archivosonoro.com.ar\/wordpress\/?p=8364","title":{"rendered":"Vicente Sinchicay.IPAUSS:\u201cprevio a estos refuerzos (\u2026)estaba proyectado un d\u00e9ficit que superaba los 340 millones de pesos\u201d"},"content":{"rendered":"<p>Fue consultado el Presidente del IPAUSS, Vicente Sinchicay, sobre el d\u00e9ficit que va tener el IPAUSS el a\u00f1o que viene, la cantidad de jubilaciones que se preven y el uso del mecanismo de la cuenta asistencial para el pago de jubilaciones dijo a FM del Sur con referencia al mecanismo: \u201cNo hay un pedido de los directores, no hay un pedido ni de los directores salientes, ni de los entrantes de que se prorrogue, simplemente desde la presidencia planteo la necesidad en tanto, ser\u00eda imposible afrontar el mes de noviembre para la primera parte, por ejemplo o a los salarios m\u00e1s bajos de los jubilados si no se va a poder disponer de estos fondos\u201d agreg\u00f3 que ley\u00f3 el fall\u00f3 del STJ y dijo al respecto \u201cEs un llamado de atenci\u00f3n\u201d<br \/>\n<embed src=\"https:\/\/app.box.com\/embed\/3rs2vmmr3pivptk.swf\" width=\"466\" height=\"40\" wmode=\"opaque\" type=\"application\/x-shockwave-flash\" allowFullScreen=\"true\" allowScriptAccess=\"always\"><\/p>\n","protected":false},"excerpt":{"rendered":"<p>Fue consultado el Presidente del IPAUSS, Vicente Sinchicay, sobre el d\u00e9ficit que va tener el IPAUSS el a\u00f1o que viene, la cantidad de jubilaciones que se preven y el uso del mecanismo de la cuenta asistencial para el pago de jubilaciones dijo a FM del Sur con referencia al mecanismo: \u201cNo hay un pedido de [&hellip;]<\/p>\n","protected":false},"author":7,"featured_media":0,"comment_status":"open","ping_status":"open","sticky":false,"template":"","format":"standard","meta":{"footnotes":""},"categories":[17],"tags":[2139,2138,1843,5,35,1842,464,1904],"class_list":["post-8364","post","type-post","status-publish","format-standard","hentry","category-fm-del-sur","tag-30-de-noviembre","tag-deficit","tag-fallo","tag-ipauss","tag-legislatura","tag-ley","tag-sinchicay","tag-stj"],"_links":{"self":[{"href":"https:\/\/archivosonoro.com.ar\/wordpress\/index.php?rest_route=\/wp\/v2\/posts\/8364","targetHints":{"allow":["GET"]}}],"collection":[{"href":"https:\/\/archivosonoro.com.ar\/wordpress\/index.php?rest_route=\/wp\/v2\/posts"}],"about":[{"href":"https:\/\/archivosonoro.com.ar\/wordpress\/index.php?rest_route=\/wp\/v2\/types\/post"}],"author":[{"embeddable":true,"href":"https:\/\/archivosonoro.com.ar\/wordpress\/index.php?rest_route=\/wp\/v2\/users\/7"}],"replies":[{"embeddable":true,"href":"https:\/\/archivosonoro.com.ar\/wordpress\/index.php?rest_route=%2Fwp%2Fv2%2Fcomments&post=8364"}],"version-history":[{"count":4,"href":"https:\/\/archivosonoro.com.ar\/wordpress\/index.php?rest_route=\/wp\/v2\/posts\/8364\/revisions"}],"predecessor-version":[{"id":8368,"href":"https:\/\/archivosonoro.com.ar\/wordpress\/index.php?rest_route=\/wp\/v2\/posts\/8364\/revisions\/8368"}],"wp:attachment":[{"href":"https:\/\/archivosonoro.com.ar\/wordpress\/index.php?rest_route=%2Fwp%2Fv2%2Fmedia&parent=8364"}],"wp:term":[{"taxonomy":"category","embeddable":true,"href":"https:\/\/archivosonoro.com.ar\/wordpress\/index.php?rest_route=%2Fwp%2Fv2%2Fcategories&post=8364"},{"taxonomy":"post_tag","embeddable":true,"href":"https:\/\/archivosonoro.com.ar\/wordpress\/index.php?rest_route=%2Fwp%2Fv2%2Ftags&post=8364"}],"curies":[{"name":"wp","href":"https:\/\/api.w.org\/{rel}","templated":true}]}}