{"id":8130,"date":"2013-11-05T16:41:35","date_gmt":"2013-11-05T19:41:35","guid":{"rendered":"http:\/\/archivosonoro.com.ar\/?p=8130"},"modified":"2013-11-05T16:41:44","modified_gmt":"2013-11-05T19:41:44","slug":"victor-diaz-respondio-a-los-dichos-de-mario-ferreyra-al-hablar-sobre-la-figura-del-ya-fallecido-senador-jose-martinez","status":"publish","type":"post","link":"https:\/\/archivosonoro.com.ar\/wordpress\/?p=8130","title":{"rendered":"V\u00edctor D\u00edaz respondi\u00f3 a los dichos de Mario Ferreyra,  al hablar sobre la figura del ya fallecido Senador Jos\u00e9 Mart\u00ednez"},"content":{"rendered":"<p>El referente por el Partido Encuentro Popular, Victor D\u00edaz, explic\u00f3 algunos detalles con respecto a las declaraciones del Ingeniero Mario Ferreyra dijo: \u201cNosotros hemos emitido un comunicado del partido expresando nuestra posici\u00f3n y opini\u00f3n sobre este se\u00f1or,\u2026 ha\u2026 utilizado calificativos injuriantes, y de una bajeza fenomenal para con nuestro compa\u00f1ero Jos\u00e9 Mart\u00ednez y mucho m\u00e1s en la situaci\u00f3n que el no se puede defender\u201d agreg\u00f3 para Radio Provincia: \u201c que personas de esta cala\u00f1a est\u00e9n dirigiendo y conduciendo los destinos, en este caso de la Universidad Tecnol\u00f3gica Nacional, da mucha verg\u00fcenza ajena\u201d<\/p>\n<p><embed src=\"https:\/\/app.box.com\/embed\/t9yj5mvceb8oh8a.swf\" width=\"466\" height=\"40\" wmode=\"opaque\" type=\"application\/x-shockwave-flash\" allowFullScreen=\"true\" allowScriptAccess=\"always\"><\/p>\n","protected":false},"excerpt":{"rendered":"<p>El referente por el Partido Encuentro Popular, Victor D\u00edaz, explic\u00f3 algunos detalles con respecto a las declaraciones del Ingeniero Mario Ferreyra dijo: \u201cNosotros hemos emitido un comunicado del partido expresando nuestra posici\u00f3n y opini\u00f3n sobre este se\u00f1or,\u2026 ha\u2026 utilizado calificativos injuriantes, y de una bajeza fenomenal para con nuestro compa\u00f1ero Jos\u00e9 Mart\u00ednez y mucho m\u00e1s [&hellip;]<\/p>\n","protected":false},"author":7,"featured_media":0,"comment_status":"open","ping_status":"open","sticky":false,"template":"","format":"standard","meta":{"footnotes":""},"categories":[3],"tags":[1989,1987,39,1991,1990,1988,1992],"class_list":["post-8130","post","type-post","status-publish","format-standard","hentry","category-radio-provincia","tag-injuriantes","tag-mario","tag-martinez","tag-nacional","tag-popular","tag-posicion","tag-verguenza"],"_links":{"self":[{"href":"https:\/\/archivosonoro.com.ar\/wordpress\/index.php?rest_route=\/wp\/v2\/posts\/8130","targetHints":{"allow":["GET"]}}],"collection":[{"href":"https:\/\/archivosonoro.com.ar\/wordpress\/index.php?rest_route=\/wp\/v2\/posts"}],"about":[{"href":"https:\/\/archivosonoro.com.ar\/wordpress\/index.php?rest_route=\/wp\/v2\/types\/post"}],"author":[{"embeddable":true,"href":"https:\/\/archivosonoro.com.ar\/wordpress\/index.php?rest_route=\/wp\/v2\/users\/7"}],"replies":[{"embeddable":true,"href":"https:\/\/archivosonoro.com.ar\/wordpress\/index.php?rest_route=%2Fwp%2Fv2%2Fcomments&post=8130"}],"version-history":[{"count":3,"href":"https:\/\/archivosonoro.com.ar\/wordpress\/index.php?rest_route=\/wp\/v2\/posts\/8130\/revisions"}],"predecessor-version":[{"id":8133,"href":"https:\/\/archivosonoro.com.ar\/wordpress\/index.php?rest_route=\/wp\/v2\/posts\/8130\/revisions\/8133"}],"wp:attachment":[{"href":"https:\/\/archivosonoro.com.ar\/wordpress\/index.php?rest_route=%2Fwp%2Fv2%2Fmedia&parent=8130"}],"wp:term":[{"taxonomy":"category","embeddable":true,"href":"https:\/\/archivosonoro.com.ar\/wordpress\/index.php?rest_route=%2Fwp%2Fv2%2Fcategories&post=8130"},{"taxonomy":"post_tag","embeddable":true,"href":"https:\/\/archivosonoro.com.ar\/wordpress\/index.php?rest_route=%2Fwp%2Fv2%2Ftags&post=8130"}],"curies":[{"name":"wp","href":"https:\/\/api.w.org\/{rel}","templated":true}]}}