{"id":8110,"date":"2013-11-05T10:48:45","date_gmt":"2013-11-05T13:48:45","guid":{"rendered":"http:\/\/archivosonoro.com.ar\/?p=8110"},"modified":"2013-11-05T10:50:06","modified_gmt":"2013-11-05T13:50:06","slug":"dijo-margarita-gallardo-la-primera-consigna-nuestra-es-el-pago-en-tiempo-y-forma-de-los-haberes-jubilatorios","status":"publish","type":"post","link":"https:\/\/archivosonoro.com.ar\/wordpress\/?p=8110","title":{"rendered":"Dijo Margarita Gallardo: \u201c La primera consigna nuestra es el pago en tiempo y forma de los haberes jubilatorios\u201d"},"content":{"rendered":"<p>La elecci\u00f3n de la jornada de d\u00eda ayer, del IPAUSS, ya arroj\u00f3 sus resultados. Uno de ellos fue la victoria por amplia  mayor\u00eda de la Lista Multicolor. Por el otro sector, los pasivos, ya eligieron y  Margarita Gallardo de la Lista Roja,  obtuvo un lugar en la direcci\u00f3n del Instituto. Y respondi\u00f3 lo siguiente para Radio Provincia: \u201c \u2026no somos inconcientes, es decir las propuestas que nosotros hemos hecho conocer \u2026son\u2026 las que podemos hacer\u201d<\/p>\n<p><embed src=\"https:\/\/app.box.com\/embed\/7qvdktrxzdci7kf.swf\" width=\"466\" height=\"40\" wmode=\"opaque\" type=\"application\/x-shockwave-flash\" allowFullScreen=\"true\" allowScriptAccess=\"always\"><\/p>\n","protected":false},"excerpt":{"rendered":"<p>La elecci\u00f3n de la jornada de d\u00eda ayer, del IPAUSS, ya arroj\u00f3 sus resultados. Uno de ellos fue la victoria por amplia mayor\u00eda de la Lista Multicolor. Por el otro sector, los pasivos, ya eligieron y Margarita Gallardo de la Lista Roja, obtuvo un lugar en la direcci\u00f3n del Instituto. Y respondi\u00f3 lo siguiente para [&hellip;]<\/p>\n","protected":false},"author":7,"featured_media":0,"comment_status":"open","ping_status":"open","sticky":false,"template":"","format":"standard","meta":{"footnotes":""},"categories":[3],"tags":[1980,5,1730,1779,1979],"class_list":["post-8110","post","type-post","status-publish","format-standard","hentry","category-radio-provincia","tag-inconcientes","tag-ipauss","tag-multicolor","tag-pasivos","tag-roja"],"_links":{"self":[{"href":"https:\/\/archivosonoro.com.ar\/wordpress\/index.php?rest_route=\/wp\/v2\/posts\/8110","targetHints":{"allow":["GET"]}}],"collection":[{"href":"https:\/\/archivosonoro.com.ar\/wordpress\/index.php?rest_route=\/wp\/v2\/posts"}],"about":[{"href":"https:\/\/archivosonoro.com.ar\/wordpress\/index.php?rest_route=\/wp\/v2\/types\/post"}],"author":[{"embeddable":true,"href":"https:\/\/archivosonoro.com.ar\/wordpress\/index.php?rest_route=\/wp\/v2\/users\/7"}],"replies":[{"embeddable":true,"href":"https:\/\/archivosonoro.com.ar\/wordpress\/index.php?rest_route=%2Fwp%2Fv2%2Fcomments&post=8110"}],"version-history":[{"count":4,"href":"https:\/\/archivosonoro.com.ar\/wordpress\/index.php?rest_route=\/wp\/v2\/posts\/8110\/revisions"}],"predecessor-version":[{"id":8115,"href":"https:\/\/archivosonoro.com.ar\/wordpress\/index.php?rest_route=\/wp\/v2\/posts\/8110\/revisions\/8115"}],"wp:attachment":[{"href":"https:\/\/archivosonoro.com.ar\/wordpress\/index.php?rest_route=%2Fwp%2Fv2%2Fmedia&parent=8110"}],"wp:term":[{"taxonomy":"category","embeddable":true,"href":"https:\/\/archivosonoro.com.ar\/wordpress\/index.php?rest_route=%2Fwp%2Fv2%2Fcategories&post=8110"},{"taxonomy":"post_tag","embeddable":true,"href":"https:\/\/archivosonoro.com.ar\/wordpress\/index.php?rest_route=%2Fwp%2Fv2%2Ftags&post=8110"}],"curies":[{"name":"wp","href":"https:\/\/api.w.org\/{rel}","templated":true}]}}