{"id":8058,"date":"2013-11-03T23:04:57","date_gmt":"2013-11-04T02:04:57","guid":{"rendered":"http:\/\/archivosonoro.com.ar\/?p=8058"},"modified":"2013-11-03T23:04:57","modified_gmt":"2013-11-04T02:04:57","slug":"dos-preguntan-dos-temas-internas-partidarias-y-el-problema-del-transporte-publico-de-pasajeros","status":"publish","type":"post","link":"https:\/\/archivosonoro.com.ar\/wordpress\/?p=8058","title":{"rendered":"Dos preguntan dos temas: Internas partidarias y el problema del transporte p\u00fablico de pasajeros"},"content":{"rendered":"<p>Dos preguntan la editorial enumer\u00f3 un cruce entre internas de dos partidos tradicionales, la UCR y el Justicialismo en Tierra del Fuego. Y un comentario: \u201c En las elecciones del domingo pasado qued\u00f3 en evidencia que ninguno de los dos intendentes y la estructura apoyaron al candidato a Senador ni a Diputado, eso est\u00e1 claro\u201d adem\u00e1s se hablo del aumento del subsidio en el transporte p\u00fablico en R\u00edo Grande por FM Universidad.<\/p>\n<p><embed src=\"https:\/\/app.box.com\/embed\/qakdlij0n6dxguh.swf\" width=\"466\" height=\"40\" wmode=\"opaque\" type=\"application\/x-shockwave-flash\" allowFullScreen=\"true\" allowScriptAccess=\"always\"><\/p>\n","protected":false},"excerpt":{"rendered":"<p>Dos preguntan la editorial enumer\u00f3 un cruce entre internas de dos partidos tradicionales, la UCR y el Justicialismo en Tierra del Fuego. Y un comentario: \u201c En las elecciones del domingo pasado qued\u00f3 en evidencia que ninguno de los dos intendentes y la estructura apoyaron al candidato a Senador ni a Diputado, eso est\u00e1 claro\u201d [&hellip;]<\/p>\n","protected":false},"author":7,"featured_media":0,"comment_status":"open","ping_status":"open","sticky":false,"template":"","format":"standard","meta":{"footnotes":""},"categories":[543],"tags":[1181,1957,1958,1340],"class_list":["post-8058","post","type-post","status-publish","format-standard","hentry","category-fm-universidad","tag-internas","tag-partidos","tag-senador","tag-subsidio"],"_links":{"self":[{"href":"https:\/\/archivosonoro.com.ar\/wordpress\/index.php?rest_route=\/wp\/v2\/posts\/8058","targetHints":{"allow":["GET"]}}],"collection":[{"href":"https:\/\/archivosonoro.com.ar\/wordpress\/index.php?rest_route=\/wp\/v2\/posts"}],"about":[{"href":"https:\/\/archivosonoro.com.ar\/wordpress\/index.php?rest_route=\/wp\/v2\/types\/post"}],"author":[{"embeddable":true,"href":"https:\/\/archivosonoro.com.ar\/wordpress\/index.php?rest_route=\/wp\/v2\/users\/7"}],"replies":[{"embeddable":true,"href":"https:\/\/archivosonoro.com.ar\/wordpress\/index.php?rest_route=%2Fwp%2Fv2%2Fcomments&post=8058"}],"version-history":[{"count":3,"href":"https:\/\/archivosonoro.com.ar\/wordpress\/index.php?rest_route=\/wp\/v2\/posts\/8058\/revisions"}],"predecessor-version":[{"id":8061,"href":"https:\/\/archivosonoro.com.ar\/wordpress\/index.php?rest_route=\/wp\/v2\/posts\/8058\/revisions\/8061"}],"wp:attachment":[{"href":"https:\/\/archivosonoro.com.ar\/wordpress\/index.php?rest_route=%2Fwp%2Fv2%2Fmedia&parent=8058"}],"wp:term":[{"taxonomy":"category","embeddable":true,"href":"https:\/\/archivosonoro.com.ar\/wordpress\/index.php?rest_route=%2Fwp%2Fv2%2Fcategories&post=8058"},{"taxonomy":"post_tag","embeddable":true,"href":"https:\/\/archivosonoro.com.ar\/wordpress\/index.php?rest_route=%2Fwp%2Fv2%2Ftags&post=8058"}],"curies":[{"name":"wp","href":"https:\/\/api.w.org\/{rel}","templated":true}]}}