{"id":8037,"date":"2013-11-01T12:30:03","date_gmt":"2013-11-01T15:30:03","guid":{"rendered":"http:\/\/archivosonoro.com.ar\/?p=8037"},"modified":"2013-11-01T13:09:41","modified_gmt":"2013-11-01T16:09:41","slug":"la-ministra-de-educacion-sandra-molina-respondio-porque-hay-escuelas-sin-clases-en-ushuaia","status":"publish","type":"post","link":"https:\/\/archivosonoro.com.ar\/wordpress\/?p=8037","title":{"rendered":"Molina S. Mtra. de Educ. respondio porque hay escuelas sin clases en Ushuaia"},"content":{"rendered":"<p>La ministra de educaci\u00f3n,Sandra Molina, fue interrogada con referencia a la inversi\u00f3n que se efectu\u00f3 en el Banco Santa Cruz faltando tan poco tiempo para la finalizaci\u00f3n del a\u00f1o lectivo y sobre este tema respondi\u00f3: \u201cHaber hecho esa inversi\u00f3n no quita que nosotros sigamos trabajando con mucha fuerza y en la cabeza de la se\u00f1ora gobernadora de encontrar un espacio que los albergue a todos\u201d<\/p>\n<p><embed src=\"https:\/\/app.box.com\/embed\/to8pwj9ul5w5t7v.swf\" width=\"466\" height=\"40\" wmode=\"opaque\" type=\"application\/x-shockwave-flash\" allowFullScreen=\"true\" allowScriptAccess=\"always\"><\/p>\n","protected":false},"excerpt":{"rendered":"<p>La ministra de educaci\u00f3n,Sandra Molina, fue interrogada con referencia a la inversi\u00f3n que se efectu\u00f3 en el Banco Santa Cruz faltando tan poco tiempo para la finalizaci\u00f3n del a\u00f1o lectivo y sobre este tema respondi\u00f3: \u201cHaber hecho esa inversi\u00f3n no quita que nosotros sigamos trabajando con mucha fuerza y en la cabeza de la se\u00f1ora [&hellip;]<\/p>\n","protected":false},"author":7,"featured_media":0,"comment_status":"open","ping_status":"open","sticky":false,"template":"","format":"standard","meta":{"footnotes":""},"categories":[41],"tags":[1943,1945,315,1942,1944,254,1946],"class_list":["post-8037","post","type-post","status-publish","format-standard","hentry","category-radio-uno","tag-banco","tag-cabeza","tag-gobernadora","tag-inversion","tag-lectivo","tag-molina","tag-todos"],"_links":{"self":[{"href":"https:\/\/archivosonoro.com.ar\/wordpress\/index.php?rest_route=\/wp\/v2\/posts\/8037","targetHints":{"allow":["GET"]}}],"collection":[{"href":"https:\/\/archivosonoro.com.ar\/wordpress\/index.php?rest_route=\/wp\/v2\/posts"}],"about":[{"href":"https:\/\/archivosonoro.com.ar\/wordpress\/index.php?rest_route=\/wp\/v2\/types\/post"}],"author":[{"embeddable":true,"href":"https:\/\/archivosonoro.com.ar\/wordpress\/index.php?rest_route=\/wp\/v2\/users\/7"}],"replies":[{"embeddable":true,"href":"https:\/\/archivosonoro.com.ar\/wordpress\/index.php?rest_route=%2Fwp%2Fv2%2Fcomments&post=8037"}],"version-history":[{"count":4,"href":"https:\/\/archivosonoro.com.ar\/wordpress\/index.php?rest_route=\/wp\/v2\/posts\/8037\/revisions"}],"predecessor-version":[{"id":8041,"href":"https:\/\/archivosonoro.com.ar\/wordpress\/index.php?rest_route=\/wp\/v2\/posts\/8037\/revisions\/8041"}],"wp:attachment":[{"href":"https:\/\/archivosonoro.com.ar\/wordpress\/index.php?rest_route=%2Fwp%2Fv2%2Fmedia&parent=8037"}],"wp:term":[{"taxonomy":"category","embeddable":true,"href":"https:\/\/archivosonoro.com.ar\/wordpress\/index.php?rest_route=%2Fwp%2Fv2%2Fcategories&post=8037"},{"taxonomy":"post_tag","embeddable":true,"href":"https:\/\/archivosonoro.com.ar\/wordpress\/index.php?rest_route=%2Fwp%2Fv2%2Ftags&post=8037"}],"curies":[{"name":"wp","href":"https:\/\/api.w.org\/{rel}","templated":true}]}}