{"id":7951,"date":"2013-10-30T08:13:28","date_gmt":"2013-10-30T11:13:28","guid":{"rendered":"http:\/\/archivosonoro.com.ar\/?p=7951"},"modified":"2013-10-30T08:13:28","modified_gmt":"2013-10-30T11:13:28","slug":"la-representante-del-afsca-veronica-de-maria-vio-con-beneplacito-el-fallo-de-la-corte-suprema-al-ser-declarada-la-ley-de-medios-constitucional","status":"publish","type":"post","link":"https:\/\/archivosonoro.com.ar\/wordpress\/?p=7951","title":{"rendered":"La representante del AFSCA, Ver\u00f3nica De Mar\u00eda, vi\u00f3 con benepl\u00e1cito el fallo de la Corte Suprema al ser declarada la \u201cLey de Medios\u201d, Constitucional"},"content":{"rendered":"<p>Ver\u00f3nica De Mar\u00eda, representante del AFSCA en la ciudad de Ushuaia, que fue consultada por el fallo de la Corte Suprema, y dijo lo siguiente:  \u201cHace a\u00f1os que estamos esperando, la ley en su totalidad\u2026no fue sorpresivo,\u2026podr\u00edamos haber tenido este fallo antes, se hablaba despu\u00e9s de las elecciones,\u2026nos tomo de alg\u00fan modo de sorpresa tambi\u00e9n,\u2026es una ley absolutamente constitucional\u2026es un nuevo concepto en el tema de comunicaci\u00f3n\u2026la radio\u201d y agreg\u00f3 en el reportaje de radio Fundaci\u00f3n Austral: \u201c\u2026tampoco es un kiosco o una patente de taxi que se compra o se vende, es otra cosa, es un servicio\u201d<\/p>\n<p><embed src=\"https:\/\/app.box.com\/embed\/cdemmiy8uph20ka.swf\" width=\"466\" height=\"40\" wmode=\"opaque\" type=\"application\/x-shockwave-flash\" allowFullScreen=\"true\" allowScriptAccess=\"always\"><\/p>\n","protected":false},"excerpt":{"rendered":"<p>Ver\u00f3nica De Mar\u00eda, representante del AFSCA en la ciudad de Ushuaia, que fue consultada por el fallo de la Corte Suprema, y dijo lo siguiente: \u201cHace a\u00f1os que estamos esperando, la ley en su totalidad\u2026no fue sorpresivo,\u2026podr\u00edamos haber tenido este fallo antes, se hablaba despu\u00e9s de las elecciones,\u2026nos tomo de alg\u00fan modo de sorpresa tambi\u00e9n,\u2026es [&hellip;]<\/p>\n","protected":false},"author":7,"featured_media":0,"comment_status":"open","ping_status":"open","sticky":false,"template":"","format":"standard","meta":{"footnotes":""},"categories":[966],"tags":[913,1845,1843,1846,1842,1826,1844,1847],"class_list":["post-7951","post","type-post","status-publish","format-standard","hentry","category-radio-fundacion-austral","tag-afsca","tag-constitucional","tag-fallo","tag-kiosko","tag-ley","tag-servicio","tag-sorpresa","tag-taxi"],"_links":{"self":[{"href":"https:\/\/archivosonoro.com.ar\/wordpress\/index.php?rest_route=\/wp\/v2\/posts\/7951","targetHints":{"allow":["GET"]}}],"collection":[{"href":"https:\/\/archivosonoro.com.ar\/wordpress\/index.php?rest_route=\/wp\/v2\/posts"}],"about":[{"href":"https:\/\/archivosonoro.com.ar\/wordpress\/index.php?rest_route=\/wp\/v2\/types\/post"}],"author":[{"embeddable":true,"href":"https:\/\/archivosonoro.com.ar\/wordpress\/index.php?rest_route=\/wp\/v2\/users\/7"}],"replies":[{"embeddable":true,"href":"https:\/\/archivosonoro.com.ar\/wordpress\/index.php?rest_route=%2Fwp%2Fv2%2Fcomments&post=7951"}],"version-history":[{"count":1,"href":"https:\/\/archivosonoro.com.ar\/wordpress\/index.php?rest_route=\/wp\/v2\/posts\/7951\/revisions"}],"predecessor-version":[{"id":7952,"href":"https:\/\/archivosonoro.com.ar\/wordpress\/index.php?rest_route=\/wp\/v2\/posts\/7951\/revisions\/7952"}],"wp:attachment":[{"href":"https:\/\/archivosonoro.com.ar\/wordpress\/index.php?rest_route=%2Fwp%2Fv2%2Fmedia&parent=7951"}],"wp:term":[{"taxonomy":"category","embeddable":true,"href":"https:\/\/archivosonoro.com.ar\/wordpress\/index.php?rest_route=%2Fwp%2Fv2%2Fcategories&post=7951"},{"taxonomy":"post_tag","embeddable":true,"href":"https:\/\/archivosonoro.com.ar\/wordpress\/index.php?rest_route=%2Fwp%2Fv2%2Ftags&post=7951"}],"curies":[{"name":"wp","href":"https:\/\/api.w.org\/{rel}","templated":true}]}}