{"id":7920,"date":"2013-10-29T07:33:05","date_gmt":"2013-10-29T10:33:05","guid":{"rendered":"http:\/\/archivosonoro.com.ar\/?p=7920"},"modified":"2013-10-29T07:33:52","modified_gmt":"2013-10-29T10:33:52","slug":"el-presidente-del-movimiento-solidario-y-popular-y-legislador-hector-tapia-hablo-sobre-el-resultado-de-las-elecciones","status":"publish","type":"post","link":"https:\/\/archivosonoro.com.ar\/wordpress\/?p=7920","title":{"rendered":"El presidente del Movimiento Solidario y Popular, el legislador Hector Tapia, habl\u00f3 sobre el resultado de las elecciones"},"content":{"rendered":"<p>Al ser consultado sobre el resultado de las elecciones el elgislador Tapia, habl\u00f3 de la proyecci\u00f3n del partido MSP, la campa\u00f1a en contra que ha tenido el candidato, de varios temas al respecto y dijo: \u201c lo dijo Oscar de vuelta, que pudo salir a defender de los ataques que se daban, o sea cuando se lo acusaban de hacer acuerdos, todos los acuerdos que nosotros hemos hecho,\u2026inclusive salieron publicados \u2026si pudieron ver, estaban con membrete del Ministerio de Trabajo de Naci\u00f3n, firmado por nuestro secretario general\u201dy agreg\u00f3 en radio Provincia: \u201ctambi\u00e9n nosotros nos hemos visto sorprendidos y hasta superados por la aceptaci\u00f3n que ha tenido el partido en esta instancia\u201d<\/p>\n<p><embed src=\"https:\/\/app.box.com\/embed\/90kl482xk0nhajw.swf\" width=\"466\" height=\"40\" wmode=\"opaque\" type=\"application\/x-shockwave-flash\" allowFullScreen=\"true\" allowScriptAccess=\"always\"><\/p>\n","protected":false},"excerpt":{"rendered":"<p>Al ser consultado sobre el resultado de las elecciones el elgislador Tapia, habl\u00f3 de la proyecci\u00f3n del partido MSP, la campa\u00f1a en contra que ha tenido el candidato, de varios temas al respecto y dijo: \u201c lo dijo Oscar de vuelta, que pudo salir a defender de los ataques que se daban, o sea cuando [&hellip;]<\/p>\n","protected":false},"author":7,"featured_media":0,"comment_status":"open","ping_status":"open","sticky":false,"template":"","format":"standard","meta":{"footnotes":""},"categories":[3],"tags":[1811,1482,1810,1813,1812,374],"class_list":["post-7920","post","type-post","status-publish","format-standard","hentry","category-radio-provincia","tag-ministerio","tag-msp","tag-oscar","tag-publicados","tag-superados","tag-tapia"],"_links":{"self":[{"href":"https:\/\/archivosonoro.com.ar\/wordpress\/index.php?rest_route=\/wp\/v2\/posts\/7920","targetHints":{"allow":["GET"]}}],"collection":[{"href":"https:\/\/archivosonoro.com.ar\/wordpress\/index.php?rest_route=\/wp\/v2\/posts"}],"about":[{"href":"https:\/\/archivosonoro.com.ar\/wordpress\/index.php?rest_route=\/wp\/v2\/types\/post"}],"author":[{"embeddable":true,"href":"https:\/\/archivosonoro.com.ar\/wordpress\/index.php?rest_route=\/wp\/v2\/users\/7"}],"replies":[{"embeddable":true,"href":"https:\/\/archivosonoro.com.ar\/wordpress\/index.php?rest_route=%2Fwp%2Fv2%2Fcomments&post=7920"}],"version-history":[{"count":2,"href":"https:\/\/archivosonoro.com.ar\/wordpress\/index.php?rest_route=\/wp\/v2\/posts\/7920\/revisions"}],"predecessor-version":[{"id":7922,"href":"https:\/\/archivosonoro.com.ar\/wordpress\/index.php?rest_route=\/wp\/v2\/posts\/7920\/revisions\/7922"}],"wp:attachment":[{"href":"https:\/\/archivosonoro.com.ar\/wordpress\/index.php?rest_route=%2Fwp%2Fv2%2Fmedia&parent=7920"}],"wp:term":[{"taxonomy":"category","embeddable":true,"href":"https:\/\/archivosonoro.com.ar\/wordpress\/index.php?rest_route=%2Fwp%2Fv2%2Fcategories&post=7920"},{"taxonomy":"post_tag","embeddable":true,"href":"https:\/\/archivosonoro.com.ar\/wordpress\/index.php?rest_route=%2Fwp%2Fv2%2Ftags&post=7920"}],"curies":[{"name":"wp","href":"https:\/\/api.w.org\/{rel}","templated":true}]}}