{"id":7544,"date":"2013-10-10T00:06:32","date_gmt":"2013-10-10T03:06:32","guid":{"rendered":"http:\/\/archivosonoro.com.ar\/?p=7544"},"modified":"2013-10-10T06:45:12","modified_gmt":"2013-10-10T09:45:12","slug":"elecciones-legislativas-nacionales-del-26-de-octubre-la-ucr-con-el-dr-da-fonseca-encendio-la-discusion-en-fm-provincia","status":"publish","type":"post","link":"https:\/\/archivosonoro.com.ar\/wordpress\/?p=7544","title":{"rendered":"Elecciones Legislativas Nacionales del 26 de Octubre: La UCR con el Dr. Da Fonseca encendi\u00f3 la discusi\u00f3n en FM Provincia"},"content":{"rendered":"<p>El Dr. Javier Da Fonseca, candidato a senador por la UCR. El conductor luego de una introducci\u00f3n con referencia ciertos hechos acaecidos, dos semanas atr\u00e1s en el \u00e1mbito de la UOM, le dio pie para hacer una denuncia de complicidad entre el Ministerio de Trabajo y el sector Gremial.<\/p>\n<p>Hecha la introducci\u00f3n el candidato volvi\u00f3 a espetar un nuevo caso de irregularidad, el cual lleg\u00f3 a su estudio, en el cual involucraba a cierto gremio apoy\u00e1ndose en los dichos del conductor del programa. Luego de dicha acotaci\u00f3n desarroll\u00f3 su di\u00e1logo diciendo: \u201cme hac\u00edan unas preguntas acerca del eje de campa\u00f1a\u2026demostrar que este, no es un gobierno progresista como se autoproclama, me refiero al gobierno de la Sra. Cristina Fernandez\u2026que espero por estas horas, este, entre par\u00e9ntesis, este, que se recupere r\u00e1pidamente de su operaci\u00f3n\u201d.<br \/>\nA las acotaciones de contratos basuras, alianzas y estrategias pol\u00edticas de campa\u00f1a manifest\u00f3: \u201cEs, es una alianza entre el partido de gobierno, los sectores empresarios y un sector gremial, que favorece esta situaci\u00f3n\u201d\u2026 \u201cel ministerio de trabajo se ha conocido, homolog\u00f3 un acuerdo por el cual se le paga a la entidad gremial una suma de dinero por cada contrato basura, llamemoslo como es\u201d. Adri\u00e1n Moreno hablo sobre alianzas entre diversos partidos como el de Roxana Bertone y el candidato Oscar Martinez a lo que Da Fonseca acot\u00f3: \u201cInclusive que hay un, un acuerdo t\u00e1cito entre Garramu\u00f1o y Bertone de criticarse mutuamente para tratar de polarizar\u2026 para acaparar todo el arco medi\u00e1tico\u201d<\/p>\n<p><embed src=\"https:\/\/app.box.com\/embed\/g0s1bcuw57wjc86.swf\" width=\"466\" height=\"40\" wmode=\"opaque\" type=\"application\/x-shockwave-flash\" allowFullScreen=\"true\" allowScriptAccess=\"always\"><\/p>\n","protected":false},"excerpt":{"rendered":"<p>El Dr. Javier Da Fonseca, candidato a senador por la UCR. El conductor luego de una introducci\u00f3n con referencia ciertos hechos acaecidos, dos semanas atr\u00e1s en el \u00e1mbito de la UOM, le dio pie para hacer una denuncia de complicidad entre el Ministerio de Trabajo y el sector Gremial. Hecha la introducci\u00f3n el candidato volvi\u00f3 [&hellip;]<\/p>\n","protected":false},"author":7,"featured_media":0,"comment_status":"open","ping_status":"open","sticky":false,"template":"","format":"standard","meta":{"footnotes":""},"categories":[3],"tags":[639,87],"class_list":["post-7544","post","type-post","status-publish","format-standard","hentry","category-radio-provincia","tag-da-fonseca","tag-ucr"],"_links":{"self":[{"href":"https:\/\/archivosonoro.com.ar\/wordpress\/index.php?rest_route=\/wp\/v2\/posts\/7544","targetHints":{"allow":["GET"]}}],"collection":[{"href":"https:\/\/archivosonoro.com.ar\/wordpress\/index.php?rest_route=\/wp\/v2\/posts"}],"about":[{"href":"https:\/\/archivosonoro.com.ar\/wordpress\/index.php?rest_route=\/wp\/v2\/types\/post"}],"author":[{"embeddable":true,"href":"https:\/\/archivosonoro.com.ar\/wordpress\/index.php?rest_route=\/wp\/v2\/users\/7"}],"replies":[{"embeddable":true,"href":"https:\/\/archivosonoro.com.ar\/wordpress\/index.php?rest_route=%2Fwp%2Fv2%2Fcomments&post=7544"}],"version-history":[{"count":2,"href":"https:\/\/archivosonoro.com.ar\/wordpress\/index.php?rest_route=\/wp\/v2\/posts\/7544\/revisions"}],"predecessor-version":[{"id":7555,"href":"https:\/\/archivosonoro.com.ar\/wordpress\/index.php?rest_route=\/wp\/v2\/posts\/7544\/revisions\/7555"}],"wp:attachment":[{"href":"https:\/\/archivosonoro.com.ar\/wordpress\/index.php?rest_route=%2Fwp%2Fv2%2Fmedia&parent=7544"}],"wp:term":[{"taxonomy":"category","embeddable":true,"href":"https:\/\/archivosonoro.com.ar\/wordpress\/index.php?rest_route=%2Fwp%2Fv2%2Fcategories&post=7544"},{"taxonomy":"post_tag","embeddable":true,"href":"https:\/\/archivosonoro.com.ar\/wordpress\/index.php?rest_route=%2Fwp%2Fv2%2Ftags&post=7544"}],"curies":[{"name":"wp","href":"https:\/\/api.w.org\/{rel}","templated":true}]}}