{"id":7351,"date":"2013-08-29T11:04:58","date_gmt":"2013-08-29T14:04:58","guid":{"rendered":"http:\/\/archivosonoro.com.ar\/?p=7351"},"modified":"2013-08-29T11:04:58","modified_gmt":"2013-08-29T14:04:58","slug":"guillen-a-acompano-en-un-100-el-juicio-politico-que-ha-presentado-jano-de-la-riva","status":"publish","type":"post","link":"https:\/\/archivosonoro.com.ar\/wordpress\/?p=7351","title":{"rendered":"Guill\u00e9n A: \u00abacompa\u00f1o en un 100% el juicio pol\u00edtico que ha presentado Jano De La Riva\u00bb."},"content":{"rendered":"<p>El Concejal Alfredo Guill\u00e9n expres\u00f3 su deseo de que prospere el pedido de juicio pol\u00edtico contra la gobernadora Fabiana R\u00edos que present\u00f3 el abogado Alejandro De La Riva.<br \/>\n\u00abLamentablemente vengo adelantando mi opini\u00f3n de que este gobierno se tiene que ir y lo vengo haciendo en vistas de las actitudes que tiene\u00bb, se\u00f1al\u00f3 en FM MAsters. Dijo que no cumple con brindar salud, educaci\u00f3n y seguridad digna; que hay desinter\u00e9s y desidia por parte de la gobernadora y sus ministros; que ha demostrado incapacidad total en el manejo de los fondos p\u00fablicos y falta de compromiso en llevar adelante cada uno de los convenios que firma.<br \/>\n\u00abEste gobierno ha demostrado que ha malgastado los recursos de Tierra del Fuego y ha demostrado tener una incapacidad total en el manejo de los 7 mil millones que tiene de presupuesto\u00bb, asegur\u00f3 el edil radical y asegur\u00f3: \u00abacompa\u00f1o en un 100% el juicio pol\u00edtico que ha presentado Jano De La Riva\u00bb.<\/p>\n<p><embed src=\"https:\/\/app.box.com\/embed\/jy8i8rvdur6ew44.swf\" width=\"466\" height=\"40\" wmode=\"opaque\" type=\"application\/x-shockwave-flash\" allowFullScreen=\"true\" allowScriptAccess=\"always\"><\/p>\n","protected":false},"excerpt":{"rendered":"<p>El Concejal Alfredo Guill\u00e9n expres\u00f3 su deseo de que prospere el pedido de juicio pol\u00edtico contra la gobernadora Fabiana R\u00edos que present\u00f3 el abogado Alejandro De La Riva. \u00abLamentablemente vengo adelantando mi opini\u00f3n de que este gobierno se tiene que ir y lo vengo haciendo en vistas de las actitudes que tiene\u00bb, se\u00f1al\u00f3 en FM [&hellip;]<\/p>\n","protected":false},"author":7,"featured_media":0,"comment_status":"open","ping_status":"open","sticky":false,"template":"","format":"standard","meta":{"footnotes":""},"categories":[228],"tags":[602,625,87],"class_list":["post-7351","post","type-post","status-publish","format-standard","hentry","category-fm-masters","tag-de-la-riva","tag-guillen","tag-ucr"],"_links":{"self":[{"href":"https:\/\/archivosonoro.com.ar\/wordpress\/index.php?rest_route=\/wp\/v2\/posts\/7351","targetHints":{"allow":["GET"]}}],"collection":[{"href":"https:\/\/archivosonoro.com.ar\/wordpress\/index.php?rest_route=\/wp\/v2\/posts"}],"about":[{"href":"https:\/\/archivosonoro.com.ar\/wordpress\/index.php?rest_route=\/wp\/v2\/types\/post"}],"author":[{"embeddable":true,"href":"https:\/\/archivosonoro.com.ar\/wordpress\/index.php?rest_route=\/wp\/v2\/users\/7"}],"replies":[{"embeddable":true,"href":"https:\/\/archivosonoro.com.ar\/wordpress\/index.php?rest_route=%2Fwp%2Fv2%2Fcomments&post=7351"}],"version-history":[{"count":1,"href":"https:\/\/archivosonoro.com.ar\/wordpress\/index.php?rest_route=\/wp\/v2\/posts\/7351\/revisions"}],"predecessor-version":[{"id":7352,"href":"https:\/\/archivosonoro.com.ar\/wordpress\/index.php?rest_route=\/wp\/v2\/posts\/7351\/revisions\/7352"}],"wp:attachment":[{"href":"https:\/\/archivosonoro.com.ar\/wordpress\/index.php?rest_route=%2Fwp%2Fv2%2Fmedia&parent=7351"}],"wp:term":[{"taxonomy":"category","embeddable":true,"href":"https:\/\/archivosonoro.com.ar\/wordpress\/index.php?rest_route=%2Fwp%2Fv2%2Fcategories&post=7351"},{"taxonomy":"post_tag","embeddable":true,"href":"https:\/\/archivosonoro.com.ar\/wordpress\/index.php?rest_route=%2Fwp%2Fv2%2Ftags&post=7351"}],"curies":[{"name":"wp","href":"https:\/\/api.w.org\/{rel}","templated":true}]}}