{"id":7201,"date":"2013-08-17T10:52:12","date_gmt":"2013-08-17T13:52:12","guid":{"rendered":"http:\/\/archivosonoro.com.ar\/?p=7201"},"modified":"2013-08-17T10:52:12","modified_gmt":"2013-08-17T13:52:12","slug":"licencia-compartida-por-maternidad-la-gobernadora-explico-los-alcances-de-la-norma-a-los-medios-nacionales","status":"publish","type":"post","link":"https:\/\/archivosonoro.com.ar\/wordpress\/?p=7201","title":{"rendered":"Licencia compartida por maternidad: La gobernadora explic\u00f3 los alcances de la norma a los medios nacionales."},"content":{"rendered":"<p>La gobernadora Fabiana R\u00edos mantuvo una entrevista con Radio Nacional Buenos Aires y en esa oportunidad fue consultada por la licencia compartida por maternidad, beneficio que en la provincia gozan los trabajadores estatales, hombres y mujeres.<br \/>\nRelat\u00f3 que la idea surgi\u00f3 cuando una pareja de dos mujeres se entrevistaron para solicitarle anoten a su bebe con el apellido de las dos madres y le contaron que una de ellas no hab\u00eda podido acompa\u00f1ar el nacimiento del ni\u00f1o. Resalt\u00f3 que \u00abel inter\u00e9s central debe ser el inter\u00e9s del ni\u00f1o\u00bb y que su orgullo es que la Ley se haya aprobado por unanimidad.<br \/>\n\u00abMe parece que hay un estereotipo relacionado con que la maternidad es un hecho relacionado solo con la mujer y no con la familia\u00bb, observ\u00f3 R\u00edos; agreg\u00f3 que la licencia es solo para personal estatal y dijo que para extenderla al \u00e1mbito privado hay que poner en discusi\u00f3n \u00abque cosas estamos cuidando, la protecci\u00f3n del ni\u00f1o\u00bb.<\/p>\n<p><embed src=\"https:\/\/app.box.com\/embed\/axt9kux5udwpfv7.swf\" width=\"466\" height=\"40\" wmode=\"opaque\" type=\"application\/x-shockwave-flash\" allowFullScreen=\"true\" allowScriptAccess=\"always\"><\/p>\n","protected":false},"excerpt":{"rendered":"<p>La gobernadora Fabiana R\u00edos mantuvo una entrevista con Radio Nacional Buenos Aires y en esa oportunidad fue consultada por la licencia compartida por maternidad, beneficio que en la provincia gozan los trabajadores estatales, hombres y mujeres. Relat\u00f3 que la idea surgi\u00f3 cuando una pareja de dos mujeres se entrevistaron para solicitarle anoten a su bebe [&hellip;]<\/p>\n","protected":false},"author":7,"featured_media":0,"comment_status":"open","ping_status":"open","sticky":false,"template":"","format":"standard","meta":{"footnotes":""},"categories":[1329],"tags":[1568,1505,33],"class_list":["post-7201","post","type-post","status-publish","format-standard","hentry","category-radio-nacional-argentina","tag-maternidad","tag-matrimonio-igualitario","tag-rios"],"_links":{"self":[{"href":"https:\/\/archivosonoro.com.ar\/wordpress\/index.php?rest_route=\/wp\/v2\/posts\/7201","targetHints":{"allow":["GET"]}}],"collection":[{"href":"https:\/\/archivosonoro.com.ar\/wordpress\/index.php?rest_route=\/wp\/v2\/posts"}],"about":[{"href":"https:\/\/archivosonoro.com.ar\/wordpress\/index.php?rest_route=\/wp\/v2\/types\/post"}],"author":[{"embeddable":true,"href":"https:\/\/archivosonoro.com.ar\/wordpress\/index.php?rest_route=\/wp\/v2\/users\/7"}],"replies":[{"embeddable":true,"href":"https:\/\/archivosonoro.com.ar\/wordpress\/index.php?rest_route=%2Fwp%2Fv2%2Fcomments&post=7201"}],"version-history":[{"count":1,"href":"https:\/\/archivosonoro.com.ar\/wordpress\/index.php?rest_route=\/wp\/v2\/posts\/7201\/revisions"}],"predecessor-version":[{"id":7202,"href":"https:\/\/archivosonoro.com.ar\/wordpress\/index.php?rest_route=\/wp\/v2\/posts\/7201\/revisions\/7202"}],"wp:attachment":[{"href":"https:\/\/archivosonoro.com.ar\/wordpress\/index.php?rest_route=%2Fwp%2Fv2%2Fmedia&parent=7201"}],"wp:term":[{"taxonomy":"category","embeddable":true,"href":"https:\/\/archivosonoro.com.ar\/wordpress\/index.php?rest_route=%2Fwp%2Fv2%2Fcategories&post=7201"},{"taxonomy":"post_tag","embeddable":true,"href":"https:\/\/archivosonoro.com.ar\/wordpress\/index.php?rest_route=%2Fwp%2Fv2%2Ftags&post=7201"}],"curies":[{"name":"wp","href":"https:\/\/api.w.org\/{rel}","templated":true}]}}