{"id":7079,"date":"2013-08-05T11:02:56","date_gmt":"2013-08-05T14:02:56","guid":{"rendered":"http:\/\/archivosonoro.com.ar\/?p=7079"},"modified":"2013-08-05T11:02:56","modified_gmt":"2013-08-05T14:02:56","slug":"ipauss-cronograma-de-pago","status":"publish","type":"post","link":"https:\/\/archivosonoro.com.ar\/wordpress\/?p=7079","title":{"rendered":"IPAUSS: Cronograma de pago."},"content":{"rendered":"<p>El Presidente del IPAUSS confirm\u00f3 el cronograma de pago de los haberes jubilatorios. A las 00Hs estar\u00e1 depositado el 100% de los haberes hasta $16.000, significando que el 60% de los pasivos, cobren su sueldo en su totalidad.<br \/>\nVicente Sinchicay aclar\u00f3 que el 100% de los aportes y jubilaciones no alcanza a cubrir el 100% de la erogaci\u00f3n en haberes pasivos y contin\u00faa increment\u00e1ndose el d\u00e9ficit ya que est\u00e1n jubilando unas 45 personas mensualmente.<br \/>\nEn Radio Fundaci\u00f3n Austral, Sinchicay se\u00f1al\u00f3 que los Legisladores han comprometido la incorporaci\u00f3n de recursos y la re discusi\u00f3n del sistema de fondo.<\/p>\n<p><embed src=\"https:\/\/app.box.com\/embed\/ta02uqbulx296ge.swf\" width=\"466\" height=\"40\" wmode=\"opaque\" type=\"application\/x-shockwave-flash\" allowFullScreen=\"true\" allowScriptAccess=\"always\"><\/p>\n","protected":false},"excerpt":{"rendered":"<p>El Presidente del IPAUSS confirm\u00f3 el cronograma de pago de los haberes jubilatorios. A las 00Hs estar\u00e1 depositado el 100% de los haberes hasta $16.000, significando que el 60% de los pasivos, cobren su sueldo en su totalidad. Vicente Sinchicay aclar\u00f3 que el 100% de los aportes y jubilaciones no alcanza a cubrir el 100% [&hellip;]<\/p>\n","protected":false},"author":7,"featured_media":0,"comment_status":"open","ping_status":"open","sticky":false,"template":"","format":"standard","meta":{"footnotes":""},"categories":[966],"tags":[5,977,464],"class_list":["post-7079","post","type-post","status-publish","format-standard","hentry","category-radio-fundacion-austral","tag-ipauss","tag-jubilaciones","tag-sinchicay"],"_links":{"self":[{"href":"https:\/\/archivosonoro.com.ar\/wordpress\/index.php?rest_route=\/wp\/v2\/posts\/7079","targetHints":{"allow":["GET"]}}],"collection":[{"href":"https:\/\/archivosonoro.com.ar\/wordpress\/index.php?rest_route=\/wp\/v2\/posts"}],"about":[{"href":"https:\/\/archivosonoro.com.ar\/wordpress\/index.php?rest_route=\/wp\/v2\/types\/post"}],"author":[{"embeddable":true,"href":"https:\/\/archivosonoro.com.ar\/wordpress\/index.php?rest_route=\/wp\/v2\/users\/7"}],"replies":[{"embeddable":true,"href":"https:\/\/archivosonoro.com.ar\/wordpress\/index.php?rest_route=%2Fwp%2Fv2%2Fcomments&post=7079"}],"version-history":[{"count":1,"href":"https:\/\/archivosonoro.com.ar\/wordpress\/index.php?rest_route=\/wp\/v2\/posts\/7079\/revisions"}],"predecessor-version":[{"id":7080,"href":"https:\/\/archivosonoro.com.ar\/wordpress\/index.php?rest_route=\/wp\/v2\/posts\/7079\/revisions\/7080"}],"wp:attachment":[{"href":"https:\/\/archivosonoro.com.ar\/wordpress\/index.php?rest_route=%2Fwp%2Fv2%2Fmedia&parent=7079"}],"wp:term":[{"taxonomy":"category","embeddable":true,"href":"https:\/\/archivosonoro.com.ar\/wordpress\/index.php?rest_route=%2Fwp%2Fv2%2Fcategories&post=7079"},{"taxonomy":"post_tag","embeddable":true,"href":"https:\/\/archivosonoro.com.ar\/wordpress\/index.php?rest_route=%2Fwp%2Fv2%2Ftags&post=7079"}],"curies":[{"name":"wp","href":"https:\/\/api.w.org\/{rel}","templated":true}]}}