{"id":7051,"date":"2013-08-04T09:04:02","date_gmt":"2013-08-04T12:04:02","guid":{"rendered":"http:\/\/archivosonoro.com.ar\/?p=7051"},"modified":"2013-08-04T00:32:10","modified_gmt":"2013-08-04T03:32:10","slug":"fm-universidad-y-fm-aire-libre-debate-de-los-precandidatos-a-las-paso-04","status":"publish","type":"post","link":"https:\/\/archivosonoro.com.ar\/wordpress\/?p=7051","title":{"rendered":"FM Universidad y FM Aire Libre: debate de los precandidatos a las PASO.04"},"content":{"rendered":"<p>\u00daltimo tramo del debate transmitido en forma simult\u00e1nea entre FM Universidad y FM Aire Libre de la ciudad de R\u00edo Grande.  Los pre candidatos Lapadula, Martinez, Catal\u00e1n Magni, Lopez, D&#8217;Angelo y Dafonseca iniciaron este segmento fijando su posici\u00f3n respecto a la relaci\u00f3n con el gobierno de la provincia. Luego se habl\u00f3 de las obras del fideicomiso austral y hubo discusiones entre los participantes. Finalmente, se invit\u00f3 a los precandidatos a exponer alguna idea o proyecto que este por fuera de los temas propuestos para el debate y se los invit\u00f3 a elaborar una conclusi\u00f3n del programa compartido en la ma\u00f1ana del s\u00e1bado.<\/p>\n<p><embed src=\"https:\/\/app.box.com\/embed\/xkkpozlqpyyecvq.swf\" width=\"466\" height=\"40\" wmode=\"opaque\" type=\"application\/x-shockwave-flash\" allowFullScreen=\"true\" allowScriptAccess=\"always\"><\/p>\n","protected":false},"excerpt":{"rendered":"<p>\u00daltimo tramo del debate transmitido en forma simult\u00e1nea entre FM Universidad y FM Aire Libre de la ciudad de R\u00edo Grande. Los pre candidatos Lapadula, Martinez, Catal\u00e1n Magni, Lopez, D&#8217;Angelo y Dafonseca iniciaron este segmento fijando su posici\u00f3n respecto a la relaci\u00f3n con el gobierno de la provincia. Luego se habl\u00f3 de las obras del [&hellip;]<\/p>\n","protected":false},"author":7,"featured_media":0,"comment_status":"open","ping_status":"open","sticky":false,"template":"","format":"standard","meta":{"footnotes":""},"categories":[45,543],"tags":[1527],"class_list":["post-7051","post","type-post","status-publish","format-standard","hentry","category-fm-aire-libre","category-fm-universidad","tag-debate"],"_links":{"self":[{"href":"https:\/\/archivosonoro.com.ar\/wordpress\/index.php?rest_route=\/wp\/v2\/posts\/7051","targetHints":{"allow":["GET"]}}],"collection":[{"href":"https:\/\/archivosonoro.com.ar\/wordpress\/index.php?rest_route=\/wp\/v2\/posts"}],"about":[{"href":"https:\/\/archivosonoro.com.ar\/wordpress\/index.php?rest_route=\/wp\/v2\/types\/post"}],"author":[{"embeddable":true,"href":"https:\/\/archivosonoro.com.ar\/wordpress\/index.php?rest_route=\/wp\/v2\/users\/7"}],"replies":[{"embeddable":true,"href":"https:\/\/archivosonoro.com.ar\/wordpress\/index.php?rest_route=%2Fwp%2Fv2%2Fcomments&post=7051"}],"version-history":[{"count":1,"href":"https:\/\/archivosonoro.com.ar\/wordpress\/index.php?rest_route=\/wp\/v2\/posts\/7051\/revisions"}],"predecessor-version":[{"id":7052,"href":"https:\/\/archivosonoro.com.ar\/wordpress\/index.php?rest_route=\/wp\/v2\/posts\/7051\/revisions\/7052"}],"wp:attachment":[{"href":"https:\/\/archivosonoro.com.ar\/wordpress\/index.php?rest_route=%2Fwp%2Fv2%2Fmedia&parent=7051"}],"wp:term":[{"taxonomy":"category","embeddable":true,"href":"https:\/\/archivosonoro.com.ar\/wordpress\/index.php?rest_route=%2Fwp%2Fv2%2Fcategories&post=7051"},{"taxonomy":"post_tag","embeddable":true,"href":"https:\/\/archivosonoro.com.ar\/wordpress\/index.php?rest_route=%2Fwp%2Fv2%2Ftags&post=7051"}],"curies":[{"name":"wp","href":"https:\/\/api.w.org\/{rel}","templated":true}]}}