{"id":7049,"date":"2013-08-03T12:36:43","date_gmt":"2013-08-03T15:36:43","guid":{"rendered":"http:\/\/archivosonoro.com.ar\/?p=7049"},"modified":"2013-08-03T12:36:43","modified_gmt":"2013-08-03T15:36:43","slug":"fm-universidad-y-fm-aire-libre-debate-de-los-precandidatos-a-las-paso-03","status":"publish","type":"post","link":"https:\/\/archivosonoro.com.ar\/wordpress\/?p=7049","title":{"rendered":"FM Universidad y FM Aire Libre: debate de los precandidatos a las PASO. 03"},"content":{"rendered":"<p>En un nuevo tramo del debate organizado por FM Universidad y FM Aire Libre, se sum\u00f3 a la mesa el precandidato a senador por la UCR, Javier Dafonseca. Los participantes respondieron preguntas de los oyentes y se posicionaron respecto al gobierno nacional y provincial. Luego pasaron a exponer su pensamiento sobre los temas planteados para debatir y se explayaron sobre el r\u00e9gimen de coparticipaci\u00f3n federal y la relaci\u00f3n con el gobierno nacional.<\/p>\n<p><embed src=\"https:\/\/app.box.com\/embed\/n7g0m5506650frm.swf\" width=\"466\" height=\"40\" wmode=\"opaque\" type=\"application\/x-shockwave-flash\" allowFullScreen=\"true\" allowScriptAccess=\"always\"><\/p>\n","protected":false},"excerpt":{"rendered":"<p>En un nuevo tramo del debate organizado por FM Universidad y FM Aire Libre, se sum\u00f3 a la mesa el precandidato a senador por la UCR, Javier Dafonseca. Los participantes respondieron preguntas de los oyentes y se posicionaron respecto al gobierno nacional y provincial. Luego pasaron a exponer su pensamiento sobre los temas planteados para [&hellip;]<\/p>\n","protected":false},"author":7,"featured_media":0,"comment_status":"open","ping_status":"open","sticky":false,"template":"","format":"standard","meta":{"footnotes":""},"categories":[45,543],"tags":[1223,861,1536,613,39,1438,87],"class_list":["post-7049","post","type-post","status-publish","format-standard","hentry","category-fm-aire-libre","category-fm-universidad","tag-catalan","tag-dafonseca","tag-dangelo","tag-lapadula","tag-martinez","tag-paso","tag-ucr"],"_links":{"self":[{"href":"https:\/\/archivosonoro.com.ar\/wordpress\/index.php?rest_route=\/wp\/v2\/posts\/7049","targetHints":{"allow":["GET"]}}],"collection":[{"href":"https:\/\/archivosonoro.com.ar\/wordpress\/index.php?rest_route=\/wp\/v2\/posts"}],"about":[{"href":"https:\/\/archivosonoro.com.ar\/wordpress\/index.php?rest_route=\/wp\/v2\/types\/post"}],"author":[{"embeddable":true,"href":"https:\/\/archivosonoro.com.ar\/wordpress\/index.php?rest_route=\/wp\/v2\/users\/7"}],"replies":[{"embeddable":true,"href":"https:\/\/archivosonoro.com.ar\/wordpress\/index.php?rest_route=%2Fwp%2Fv2%2Fcomments&post=7049"}],"version-history":[{"count":1,"href":"https:\/\/archivosonoro.com.ar\/wordpress\/index.php?rest_route=\/wp\/v2\/posts\/7049\/revisions"}],"predecessor-version":[{"id":7050,"href":"https:\/\/archivosonoro.com.ar\/wordpress\/index.php?rest_route=\/wp\/v2\/posts\/7049\/revisions\/7050"}],"wp:attachment":[{"href":"https:\/\/archivosonoro.com.ar\/wordpress\/index.php?rest_route=%2Fwp%2Fv2%2Fmedia&parent=7049"}],"wp:term":[{"taxonomy":"category","embeddable":true,"href":"https:\/\/archivosonoro.com.ar\/wordpress\/index.php?rest_route=%2Fwp%2Fv2%2Fcategories&post=7049"},{"taxonomy":"post_tag","embeddable":true,"href":"https:\/\/archivosonoro.com.ar\/wordpress\/index.php?rest_route=%2Fwp%2Fv2%2Ftags&post=7049"}],"curies":[{"name":"wp","href":"https:\/\/api.w.org\/{rel}","templated":true}]}}