{"id":7020,"date":"2013-08-01T12:08:54","date_gmt":"2013-08-01T15:08:54","guid":{"rendered":"http:\/\/archivosonoro.com.ar\/?p=7020"},"modified":"2013-08-01T12:08:54","modified_gmt":"2013-08-01T15:08:54","slug":"ipauss-el-fpv-acompana-unificacion-de-cuentas-solo-por-este-mes","status":"publish","type":"post","link":"https:\/\/archivosonoro.com.ar\/wordpress\/?p=7020","title":{"rendered":"IPAUSS: El FPV acompa\u00f1a unificaci\u00f3n de cuentas \u00absolo por este mes\u00bb."},"content":{"rendered":"<p>Miriam Mart\u00ednez confirm\u00f3 que avalar\u00e1n la unificaci\u00f3n de cuentas previsionales y asistenciales \u00abpor este mes nada m\u00e1s\u00bb. La legisladora del FPV lament\u00f3 que en medio de todo est\u00e9n los jubilados \u00abque hace 10 meses que est\u00e1n cobrando en cuotas\u00bb y critic\u00f3 al ejecutivo provincial que con las herramientas solicitadas y aprobadas en diciembre del a\u00f1o pasado \u00abno hizo absolutamente nada\u00bb. \u00abHay que tomar medidas porque con esta unificaci\u00f3n le estamos diciendo a los jubilados que este mes van a poder cobrar, este mes, pero si no trabajamos los otros puntos que tenemos pendientes en la Comisi\u00f3n, esto no se va a solucionar\u00bb, afirm\u00f3 en Radio Provincia y exhort\u00f3 al Directorio a elaborar un cronograma de pago.<br \/>\n Mart\u00ednez explic\u00f3 adem\u00e1s, porque su bloque no acompa\u00f1a la propuesta de obtener un cr\u00e9dito de 47 millones para adelantar pago de deuda al IPAUSS y en este sentido, resalt\u00f3 que la cuesti\u00f3n est\u00e1 en utilizar como garant\u00eda los fondos depositados en el Banco Naci\u00f3n.<\/p>\n<p><embed src=\"https:\/\/app.box.com\/embed\/s8lf7cwrjz6s7wu.swf\" width=\"466\" height=\"40\" wmode=\"opaque\" type=\"application\/x-shockwave-flash\" allowFullScreen=\"true\" allowScriptAccess=\"always\"><\/p>\n","protected":false},"excerpt":{"rendered":"<p>Miriam Mart\u00ednez confirm\u00f3 que avalar\u00e1n la unificaci\u00f3n de cuentas previsionales y asistenciales \u00abpor este mes nada m\u00e1s\u00bb. La legisladora del FPV lament\u00f3 que en medio de todo est\u00e9n los jubilados \u00abque hace 10 meses que est\u00e1n cobrando en cuotas\u00bb y critic\u00f3 al ejecutivo provincial que con las herramientas solicitadas y aprobadas en diciembre del a\u00f1o [&hellip;]<\/p>\n","protected":false},"author":7,"featured_media":0,"comment_status":"open","ping_status":"open","sticky":false,"template":"","format":"standard","meta":{"footnotes":""},"categories":[3],"tags":[53,5,39],"class_list":["post-7020","post","type-post","status-publish","format-standard","hentry","category-radio-provincia","tag-fpv","tag-ipauss","tag-martinez"],"_links":{"self":[{"href":"https:\/\/archivosonoro.com.ar\/wordpress\/index.php?rest_route=\/wp\/v2\/posts\/7020","targetHints":{"allow":["GET"]}}],"collection":[{"href":"https:\/\/archivosonoro.com.ar\/wordpress\/index.php?rest_route=\/wp\/v2\/posts"}],"about":[{"href":"https:\/\/archivosonoro.com.ar\/wordpress\/index.php?rest_route=\/wp\/v2\/types\/post"}],"author":[{"embeddable":true,"href":"https:\/\/archivosonoro.com.ar\/wordpress\/index.php?rest_route=\/wp\/v2\/users\/7"}],"replies":[{"embeddable":true,"href":"https:\/\/archivosonoro.com.ar\/wordpress\/index.php?rest_route=%2Fwp%2Fv2%2Fcomments&post=7020"}],"version-history":[{"count":1,"href":"https:\/\/archivosonoro.com.ar\/wordpress\/index.php?rest_route=\/wp\/v2\/posts\/7020\/revisions"}],"predecessor-version":[{"id":7021,"href":"https:\/\/archivosonoro.com.ar\/wordpress\/index.php?rest_route=\/wp\/v2\/posts\/7020\/revisions\/7021"}],"wp:attachment":[{"href":"https:\/\/archivosonoro.com.ar\/wordpress\/index.php?rest_route=%2Fwp%2Fv2%2Fmedia&parent=7020"}],"wp:term":[{"taxonomy":"category","embeddable":true,"href":"https:\/\/archivosonoro.com.ar\/wordpress\/index.php?rest_route=%2Fwp%2Fv2%2Fcategories&post=7020"},{"taxonomy":"post_tag","embeddable":true,"href":"https:\/\/archivosonoro.com.ar\/wordpress\/index.php?rest_route=%2Fwp%2Fv2%2Ftags&post=7020"}],"curies":[{"name":"wp","href":"https:\/\/api.w.org\/{rel}","templated":true}]}}