{"id":6960,"date":"2013-07-28T01:03:12","date_gmt":"2013-07-28T04:03:12","guid":{"rendered":"http:\/\/archivosonoro.com.ar\/?p=6960"},"modified":"2013-07-28T01:07:17","modified_gmt":"2013-07-28T04:07:17","slug":"fm-universidad-y-fm-aire-libre-presentaron-el-debate-de-los-candidatos-para-las-paso-04","status":"publish","type":"post","link":"https:\/\/archivosonoro.com.ar\/wordpress\/?p=6960","title":{"rendered":"FM Universidad y FM Aire Libre presentaron el debate de los candidatos para las paso.04"},"content":{"rendered":"<p>Ultimo tramo de la ma\u00f1ana de FM Universidad y FM Aire Libre en que los candidatos a las PASO expusieron sobre los temas propuestos. La renegociaciaci\u00f3n del contrato con la empresa Roch, la pol\u00edtica exterior en relaci\u00f3n a las Islas Malvinas, el puerto de R\u00edo Grande, fueron temas abordados antes de dar paso a la reflexi\u00f3n final de cada uno de los candidatos.<\/p>\n<p><embed src=\"https:\/\/app.box.com\/embed\/y3a61n62rw6wa6v.swf\" width=\"466\" height=\"40\" wmode=\"opaque\" type=\"application\/x-shockwave-flash\" allowFullScreen=\"true\" allowScriptAccess=\"always\"><\/p>\n","protected":false},"excerpt":{"rendered":"<p>Ultimo tramo de la ma\u00f1ana de FM Universidad y FM Aire Libre en que los candidatos a las PASO expusieron sobre los temas propuestos. La renegociaciaci\u00f3n del contrato con la empresa Roch, la pol\u00edtica exterior en relaci\u00f3n a las Islas Malvinas, el puerto de R\u00edo Grande, fueron temas abordados antes de dar paso a la [&hellip;]<\/p>\n","protected":false},"author":7,"featured_media":0,"comment_status":"open","ping_status":"open","sticky":false,"template":"","format":"standard","meta":{"footnotes":""},"categories":[45,543],"tags":[320,601,613,54,1414,1419,1528],"class_list":["post-6960","post","type-post","status-publish","format-standard","hentry","category-fm-aire-libre","category-fm-universidad","tag-contratos-petroleros","tag-ferreyra","tag-lapadula","tag-pj","tag-pp","tag-union-federal","tag-welsh-de-bairos"],"_links":{"self":[{"href":"https:\/\/archivosonoro.com.ar\/wordpress\/index.php?rest_route=\/wp\/v2\/posts\/6960","targetHints":{"allow":["GET"]}}],"collection":[{"href":"https:\/\/archivosonoro.com.ar\/wordpress\/index.php?rest_route=\/wp\/v2\/posts"}],"about":[{"href":"https:\/\/archivosonoro.com.ar\/wordpress\/index.php?rest_route=\/wp\/v2\/types\/post"}],"author":[{"embeddable":true,"href":"https:\/\/archivosonoro.com.ar\/wordpress\/index.php?rest_route=\/wp\/v2\/users\/7"}],"replies":[{"embeddable":true,"href":"https:\/\/archivosonoro.com.ar\/wordpress\/index.php?rest_route=%2Fwp%2Fv2%2Fcomments&post=6960"}],"version-history":[{"count":2,"href":"https:\/\/archivosonoro.com.ar\/wordpress\/index.php?rest_route=\/wp\/v2\/posts\/6960\/revisions"}],"predecessor-version":[{"id":6965,"href":"https:\/\/archivosonoro.com.ar\/wordpress\/index.php?rest_route=\/wp\/v2\/posts\/6960\/revisions\/6965"}],"wp:attachment":[{"href":"https:\/\/archivosonoro.com.ar\/wordpress\/index.php?rest_route=%2Fwp%2Fv2%2Fmedia&parent=6960"}],"wp:term":[{"taxonomy":"category","embeddable":true,"href":"https:\/\/archivosonoro.com.ar\/wordpress\/index.php?rest_route=%2Fwp%2Fv2%2Fcategories&post=6960"},{"taxonomy":"post_tag","embeddable":true,"href":"https:\/\/archivosonoro.com.ar\/wordpress\/index.php?rest_route=%2Fwp%2Fv2%2Ftags&post=6960"}],"curies":[{"name":"wp","href":"https:\/\/api.w.org\/{rel}","templated":true}]}}