{"id":6956,"date":"2013-07-27T12:09:39","date_gmt":"2013-07-27T15:09:39","guid":{"rendered":"http:\/\/archivosonoro.com.ar\/?p=6956"},"modified":"2013-07-28T01:05:38","modified_gmt":"2013-07-28T04:05:38","slug":"fm-universidad-y-fm-aire-libre-presentaron-el-debate-de-los-candidatos-para-las-paso-02","status":"publish","type":"post","link":"https:\/\/archivosonoro.com.ar\/wordpress\/?p=6956","title":{"rendered":"FM Universidad y FM Aire Libre presentaron el debate de los candidatos para las PASO. 02"},"content":{"rendered":"<p>Mat\u00edas Lapadula, encabeza la lista 2A de candidatos a Senadores del Partido Justicialista, Mario Ferreyra, primer candidato a Diputado por el Frente Uni\u00f3n Popular y Edgardo Welsh de Bairos, candidato a Diputado por el Partido Popular iniciaron el debate propuesto por FM Universidad y FM Aire Libre.<br \/>\nLa posici\u00f3n frente a la Ley 19640 fue el primer tema sobre el que expusieron luego de presentarse cada uno de los participantes. Luego, se habl\u00f3 de la relaci\u00f3n entre provincia y naci\u00f3n.<br \/>\nSobre el final del bloque, los periodistas aclararon que se invit\u00f3 a todos los sectores a participar y nombraron a quienes se negaron a debatir.<\/p>\n<p><embed src=\"https:\/\/app.box.com\/embed\/rrtfopakykulhfi.swf\" width=\"466\" height=\"40\" wmode=\"opaque\" type=\"application\/x-shockwave-flash\" allowFullScreen=\"true\" allowScriptAccess=\"always\"><\/p>\n","protected":false},"excerpt":{"rendered":"<p>Mat\u00edas Lapadula, encabeza la lista 2A de candidatos a Senadores del Partido Justicialista, Mario Ferreyra, primer candidato a Diputado por el Frente Uni\u00f3n Popular y Edgardo Welsh de Bairos, candidato a Diputado por el Partido Popular iniciaron el debate propuesto por FM Universidad y FM Aire Libre. La posici\u00f3n frente a la Ley 19640 fue [&hellip;]<\/p>\n","protected":false},"author":7,"featured_media":0,"comment_status":"open","ping_status":"open","sticky":false,"template":"","format":"standard","meta":{"footnotes":""},"categories":[45,543],"tags":[601,613,1438,54,1414,1419,1528],"class_list":["post-6956","post","type-post","status-publish","format-standard","hentry","category-fm-aire-libre","category-fm-universidad","tag-ferreyra","tag-lapadula","tag-paso","tag-pj","tag-pp","tag-union-federal","tag-welsh-de-bairos"],"_links":{"self":[{"href":"https:\/\/archivosonoro.com.ar\/wordpress\/index.php?rest_route=\/wp\/v2\/posts\/6956","targetHints":{"allow":["GET"]}}],"collection":[{"href":"https:\/\/archivosonoro.com.ar\/wordpress\/index.php?rest_route=\/wp\/v2\/posts"}],"about":[{"href":"https:\/\/archivosonoro.com.ar\/wordpress\/index.php?rest_route=\/wp\/v2\/types\/post"}],"author":[{"embeddable":true,"href":"https:\/\/archivosonoro.com.ar\/wordpress\/index.php?rest_route=\/wp\/v2\/users\/7"}],"replies":[{"embeddable":true,"href":"https:\/\/archivosonoro.com.ar\/wordpress\/index.php?rest_route=%2Fwp%2Fv2%2Fcomments&post=6956"}],"version-history":[{"count":2,"href":"https:\/\/archivosonoro.com.ar\/wordpress\/index.php?rest_route=\/wp\/v2\/posts\/6956\/revisions"}],"predecessor-version":[{"id":6963,"href":"https:\/\/archivosonoro.com.ar\/wordpress\/index.php?rest_route=\/wp\/v2\/posts\/6956\/revisions\/6963"}],"wp:attachment":[{"href":"https:\/\/archivosonoro.com.ar\/wordpress\/index.php?rest_route=%2Fwp%2Fv2%2Fmedia&parent=6956"}],"wp:term":[{"taxonomy":"category","embeddable":true,"href":"https:\/\/archivosonoro.com.ar\/wordpress\/index.php?rest_route=%2Fwp%2Fv2%2Fcategories&post=6956"},{"taxonomy":"post_tag","embeddable":true,"href":"https:\/\/archivosonoro.com.ar\/wordpress\/index.php?rest_route=%2Fwp%2Fv2%2Ftags&post=6956"}],"curies":[{"name":"wp","href":"https:\/\/api.w.org\/{rel}","templated":true}]}}