{"id":6907,"date":"2013-07-23T10:55:56","date_gmt":"2013-07-23T13:55:56","guid":{"rendered":"http:\/\/archivosonoro.com.ar\/?p=6907"},"modified":"2013-07-23T10:55:56","modified_gmt":"2013-07-23T13:55:56","slug":"fueguinos-en-rio-de-janeiro-el-espiritu-que-se-vive-en-las-jornadas-es-unico","status":"publish","type":"post","link":"https:\/\/archivosonoro.com.ar\/wordpress\/?p=6907","title":{"rendered":"Fueguinos en R\u00edo de Janeiro: \u00abEl esp\u00edritu que se vive en las jornadas es \u00fanico\u00bb"},"content":{"rendered":"<p>Un grupo de j\u00f3venes fueguinos integra la delegaci\u00f3n de 45 mil argentinos que est\u00e1n en R\u00edo de Janeiro compartiendo las actividades en el marco de la visita del Papa Francisco.<br \/>\nLucas Pedrozo  se\u00f1al\u00f3 que la primer jornada fue para acomodarse en los alojamientos, habl\u00f3 de las expectativas del grupo y resalt\u00f3: \u00abel esp\u00edritu que se vive en las jornadas es algo \u00fanico\u00bb. Tambi\u00e9n confirm\u00f3 que todos los fueguinos han llegado y est\u00e1n en perfectas condiciones, expectantes con la semana de actividades para la juventud en el primer viaje del Papa Francisco.<\/p>\n<p><embed src=\"https:\/\/app.box.com\/embed\/gbon7aeoof6mqvf.swf\" width=\"466\" height=\"40\" wmode=\"opaque\" type=\"application\/x-shockwave-flash\" allowFullScreen=\"true\" allowScriptAccess=\"always\"><\/p>\n","protected":false},"excerpt":{"rendered":"<p>Un grupo de j\u00f3venes fueguinos integra la delegaci\u00f3n de 45 mil argentinos que est\u00e1n en R\u00edo de Janeiro compartiendo las actividades en el marco de la visita del Papa Francisco. Lucas Pedrozo se\u00f1al\u00f3 que la primer jornada fue para acomodarse en los alojamientos, habl\u00f3 de las expectativas del grupo y resalt\u00f3: \u00abel esp\u00edritu que se [&hellip;]<\/p>\n","protected":false},"author":7,"featured_media":0,"comment_status":"open","ping_status":"open","sticky":false,"template":"","format":"standard","meta":{"footnotes":""},"categories":[45],"tags":[1519,1196,1195],"class_list":["post-6907","post","type-post","status-publish","format-standard","hentry","category-fm-aire-libre","tag-16-pedrozo","tag-francisco","tag-papa"],"_links":{"self":[{"href":"https:\/\/archivosonoro.com.ar\/wordpress\/index.php?rest_route=\/wp\/v2\/posts\/6907","targetHints":{"allow":["GET"]}}],"collection":[{"href":"https:\/\/archivosonoro.com.ar\/wordpress\/index.php?rest_route=\/wp\/v2\/posts"}],"about":[{"href":"https:\/\/archivosonoro.com.ar\/wordpress\/index.php?rest_route=\/wp\/v2\/types\/post"}],"author":[{"embeddable":true,"href":"https:\/\/archivosonoro.com.ar\/wordpress\/index.php?rest_route=\/wp\/v2\/users\/7"}],"replies":[{"embeddable":true,"href":"https:\/\/archivosonoro.com.ar\/wordpress\/index.php?rest_route=%2Fwp%2Fv2%2Fcomments&post=6907"}],"version-history":[{"count":1,"href":"https:\/\/archivosonoro.com.ar\/wordpress\/index.php?rest_route=\/wp\/v2\/posts\/6907\/revisions"}],"predecessor-version":[{"id":6908,"href":"https:\/\/archivosonoro.com.ar\/wordpress\/index.php?rest_route=\/wp\/v2\/posts\/6907\/revisions\/6908"}],"wp:attachment":[{"href":"https:\/\/archivosonoro.com.ar\/wordpress\/index.php?rest_route=%2Fwp%2Fv2%2Fmedia&parent=6907"}],"wp:term":[{"taxonomy":"category","embeddable":true,"href":"https:\/\/archivosonoro.com.ar\/wordpress\/index.php?rest_route=%2Fwp%2Fv2%2Fcategories&post=6907"},{"taxonomy":"post_tag","embeddable":true,"href":"https:\/\/archivosonoro.com.ar\/wordpress\/index.php?rest_route=%2Fwp%2Fv2%2Ftags&post=6907"}],"curies":[{"name":"wp","href":"https:\/\/api.w.org\/{rel}","templated":true}]}}