{"id":6725,"date":"2013-07-12T10:26:52","date_gmt":"2013-07-12T13:26:52","guid":{"rendered":"http:\/\/archivosonoro.com.ar\/?p=6725"},"modified":"2013-07-12T12:44:01","modified_gmt":"2013-07-12T15:44:01","slug":"arcando-j-lindo-clavelito-le-van-a-dejar-a-la-proxima-gestion","status":"publish","type":"post","link":"https:\/\/archivosonoro.com.ar\/wordpress\/?p=6725","title":{"rendered":"Arcando J: \u00ablindo clavelito le van a dejar a la pr\u00f3xima gesti\u00f3n\u00bb."},"content":{"rendered":"<p>El Legislador Juan Carlos Arcando adelant\u00f3 que se encuentra acompa\u00f1ando a una Cooperativa de Ushuaia en la gesti\u00f3n en Naci\u00f3n de planes de vivienda para la ciudad de Ushuaia y que pretende reunirse con el Intendente Gustavo Melella para hacer lo propio para la ciudad de R\u00edo Grande.<br \/>\nA las cr\u00edticas de Ram\u00edrez, l\u00edder de la UOCRA, por la posici\u00f3n del FPV frente a la extensi\u00f3n del contrato con la empresa Roch, respondi\u00f3 que lo que se hizo fue \u00abcuidar el patrimonio de todos los fueguinos\u00bb, entendiendo que ese contrato no era beneficioso para la provincia. Tambi\u00e9n, le record\u00f3 al dirigente sindical los inconvenientes que acarrear\u00eda el Puerto Caleta La Misi\u00f3n y el contrato con Tierra del Fuego Energ\u00eda y Qu\u00edmica y le dijo que ser\u00eda bueno que tambi\u00e9n opinaran sobre esos temas advirtiendo: \u00ablindo clavelito le van a dejar a la pr\u00f3xima gesti\u00f3n\u00bb.<br \/>\nPor \u00faltimo, Juan Carlos Arcando dio detalles en FM Universidad, del convenio que se firm\u00f3 entre Aerol\u00edneas Argentinas y el Banco de Tierra del Fuego para acceder a pasajes a\u00e9reos en cuotas sin inter\u00e9s.<\/p>\n<p><embed src=\"https:\/\/app.box.com\/embed\/rfq49ufdykb1v47.swf\" width=\"466\" height=\"40\" wmode=\"opaque\" type=\"application\/x-shockwave-flash\" allowFullScreen=\"true\" allowScriptAccess=\"always\"><\/p>\n","protected":false},"excerpt":{"rendered":"<p>El Legislador Juan Carlos Arcando adelant\u00f3 que se encuentra acompa\u00f1ando a una Cooperativa de Ushuaia en la gesti\u00f3n en Naci\u00f3n de planes de vivienda para la ciudad de Ushuaia y que pretende reunirse con el Intendente Gustavo Melella para hacer lo propio para la ciudad de R\u00edo Grande. A las cr\u00edticas de Ram\u00edrez, l\u00edder de [&hellip;]<\/p>\n","protected":false},"author":7,"featured_media":0,"comment_status":"open","ping_status":"open","sticky":false,"template":"","format":"standard","meta":{"footnotes":""},"categories":[543],"tags":[67,1497,53],"class_list":["post-6725","post","type-post","status-publish","format-standard","hentry","category-fm-universidad","tag-arcando","tag-arolineas","tag-fpv"],"_links":{"self":[{"href":"https:\/\/archivosonoro.com.ar\/wordpress\/index.php?rest_route=\/wp\/v2\/posts\/6725","targetHints":{"allow":["GET"]}}],"collection":[{"href":"https:\/\/archivosonoro.com.ar\/wordpress\/index.php?rest_route=\/wp\/v2\/posts"}],"about":[{"href":"https:\/\/archivosonoro.com.ar\/wordpress\/index.php?rest_route=\/wp\/v2\/types\/post"}],"author":[{"embeddable":true,"href":"https:\/\/archivosonoro.com.ar\/wordpress\/index.php?rest_route=\/wp\/v2\/users\/7"}],"replies":[{"embeddable":true,"href":"https:\/\/archivosonoro.com.ar\/wordpress\/index.php?rest_route=%2Fwp%2Fv2%2Fcomments&post=6725"}],"version-history":[{"count":3,"href":"https:\/\/archivosonoro.com.ar\/wordpress\/index.php?rest_route=\/wp\/v2\/posts\/6725\/revisions"}],"predecessor-version":[{"id":6739,"href":"https:\/\/archivosonoro.com.ar\/wordpress\/index.php?rest_route=\/wp\/v2\/posts\/6725\/revisions\/6739"}],"wp:attachment":[{"href":"https:\/\/archivosonoro.com.ar\/wordpress\/index.php?rest_route=%2Fwp%2Fv2%2Fmedia&parent=6725"}],"wp:term":[{"taxonomy":"category","embeddable":true,"href":"https:\/\/archivosonoro.com.ar\/wordpress\/index.php?rest_route=%2Fwp%2Fv2%2Fcategories&post=6725"},{"taxonomy":"post_tag","embeddable":true,"href":"https:\/\/archivosonoro.com.ar\/wordpress\/index.php?rest_route=%2Fwp%2Fv2%2Ftags&post=6725"}],"curies":[{"name":"wp","href":"https:\/\/api.w.org\/{rel}","templated":true}]}}