{"id":6687,"date":"2013-07-10T12:08:09","date_gmt":"2013-07-10T15:08:09","guid":{"rendered":"http:\/\/archivosonoro.com.ar\/?p=6687"},"modified":"2013-07-10T12:31:31","modified_gmt":"2013-07-10T15:31:31","slug":"donza-e-el-50-de-los-trabajadores-no-aportarian-al-sistema-jubilatorio","status":"publish","type":"post","link":"https:\/\/archivosonoro.com.ar\/wordpress\/?p=6687","title":{"rendered":"Donza E: \u00abel 50% de los trabajadores no aportar\u00edan al sistema jubilatorio\u00bb."},"content":{"rendered":"<p>La Universidad Cat\u00f3lica Argentina elabor\u00f3 un informe que dice que el 50% de los trabajadores no aportan al sistema jubilatorio. El n\u00famero alcanzar\u00eda a 8 millones y el informe se presentar\u00e1 la semana que viene. Por Radio Continental, Eduardo Donza habl\u00f3 sobre el informe y dijo que se relaciona con trabajadores en negro y tiene mayor incidencia en los hogares de nivel socio econ\u00f3mico m\u00e1s bajo.<\/p>\n<p><embed src=\"https:\/\/www.box.com\/embed\/hvfw6erlys31ud9.swf\" width=\"466\" height=\"40\" wmode=\"opaque\" type=\"application\/x-shockwave-flash\" allowFullScreen=\"true\" allowScriptAccess=\"always\"><\/p>\n","protected":false},"excerpt":{"rendered":"<p>La Universidad Cat\u00f3lica Argentina elabor\u00f3 un informe que dice que el 50% de los trabajadores no aportan al sistema jubilatorio. El n\u00famero alcanzar\u00eda a 8 millones y el informe se presentar\u00e1 la semana que viene. Por Radio Continental, Eduardo Donza habl\u00f3 sobre el informe y dijo que se relaciona con trabajadores en negro y tiene [&hellip;]<\/p>\n","protected":false},"author":7,"featured_media":0,"comment_status":"open","ping_status":"open","sticky":false,"template":"","format":"standard","meta":{"footnotes":""},"categories":[1263],"tags":[1496],"class_list":["post-6687","post","type-post","status-publish","format-standard","hentry","category-radio-continental","tag-trabajo-en-negro"],"_links":{"self":[{"href":"https:\/\/archivosonoro.com.ar\/wordpress\/index.php?rest_route=\/wp\/v2\/posts\/6687","targetHints":{"allow":["GET"]}}],"collection":[{"href":"https:\/\/archivosonoro.com.ar\/wordpress\/index.php?rest_route=\/wp\/v2\/posts"}],"about":[{"href":"https:\/\/archivosonoro.com.ar\/wordpress\/index.php?rest_route=\/wp\/v2\/types\/post"}],"author":[{"embeddable":true,"href":"https:\/\/archivosonoro.com.ar\/wordpress\/index.php?rest_route=\/wp\/v2\/users\/7"}],"replies":[{"embeddable":true,"href":"https:\/\/archivosonoro.com.ar\/wordpress\/index.php?rest_route=%2Fwp%2Fv2%2Fcomments&post=6687"}],"version-history":[{"count":3,"href":"https:\/\/archivosonoro.com.ar\/wordpress\/index.php?rest_route=\/wp\/v2\/posts\/6687\/revisions"}],"predecessor-version":[{"id":6691,"href":"https:\/\/archivosonoro.com.ar\/wordpress\/index.php?rest_route=\/wp\/v2\/posts\/6687\/revisions\/6691"}],"wp:attachment":[{"href":"https:\/\/archivosonoro.com.ar\/wordpress\/index.php?rest_route=%2Fwp%2Fv2%2Fmedia&parent=6687"}],"wp:term":[{"taxonomy":"category","embeddable":true,"href":"https:\/\/archivosonoro.com.ar\/wordpress\/index.php?rest_route=%2Fwp%2Fv2%2Fcategories&post=6687"},{"taxonomy":"post_tag","embeddable":true,"href":"https:\/\/archivosonoro.com.ar\/wordpress\/index.php?rest_route=%2Fwp%2Fv2%2Ftags&post=6687"}],"curies":[{"name":"wp","href":"https:\/\/api.w.org\/{rel}","templated":true}]}}