{"id":6653,"date":"2013-07-09T10:56:56","date_gmt":"2013-07-09T13:56:56","guid":{"rendered":"http:\/\/archivosonoro.com.ar\/?p=6653"},"modified":"2013-07-10T11:57:51","modified_gmt":"2013-07-10T14:57:51","slug":"arevalo-r-cedin-una-herramienta-que-va-a-dinamizar-el-mercado-inmobiliario","status":"publish","type":"post","link":"https:\/\/archivosonoro.com.ar\/wordpress\/?p=6653","title":{"rendered":"Ar\u00e9valo R: CEDIN: \u00abuna herramienta que va a dinamizar el mercado inmobiliario\u00bb."},"content":{"rendered":"<p>La C\u00e1mara Inmobiliaria Argentina celebra y ve en forma positiva, la aplicaci\u00f3n de los CEDIN para reactivar las operatorias.<br \/>\n\u00abSiempre lo vimos positivo, entendemos que es una herramienta que va a dinamizar el mercado\u00bb, afirm\u00f3 Roberto Ar\u00e9valo, Presidente de la C\u00e1mara, quien admiti\u00f3 que el uso ser\u00e1 lento y reci\u00e9n en agosto se podr\u00e1 hacer una estad\u00edstica para evaluar la din\u00e1mica del mercado inmobiliario.<br \/>\nAr\u00e9valo, explic\u00f3 adem\u00e1s, como se utilizan los certificados y asegur\u00f3: \u00abdesde el sector, lo apoyamos con confianza\u00bb.<\/p>\n<p><embed src=\"https:\/\/www.box.com\/embed\/gzvkqknr19p9kwj.swf\" width=\"466\" height=\"40\" wmode=\"opaque\" type=\"application\/x-shockwave-flash\" allowFullScreen=\"true\" allowScriptAccess=\"always\"><\/p>\n","protected":false},"excerpt":{"rendered":"<p>La C\u00e1mara Inmobiliaria Argentina celebra y ve en forma positiva, la aplicaci\u00f3n de los CEDIN para reactivar las operatorias. \u00abSiempre lo vimos positivo, entendemos que es una herramienta que va a dinamizar el mercado\u00bb, afirm\u00f3 Roberto Ar\u00e9valo, Presidente de la C\u00e1mara, quien admiti\u00f3 que el uso ser\u00e1 lento y reci\u00e9n en agosto se podr\u00e1 hacer [&hellip;]<\/p>\n","protected":false},"author":7,"featured_media":0,"comment_status":"open","ping_status":"open","sticky":false,"template":"","format":"standard","meta":{"footnotes":""},"categories":[1329],"tags":[1490,1491],"class_list":["post-6653","post","type-post","status-publish","format-standard","hentry","category-radio-nacional-argentina","tag-arevalo","tag-cedin"],"_links":{"self":[{"href":"https:\/\/archivosonoro.com.ar\/wordpress\/index.php?rest_route=\/wp\/v2\/posts\/6653","targetHints":{"allow":["GET"]}}],"collection":[{"href":"https:\/\/archivosonoro.com.ar\/wordpress\/index.php?rest_route=\/wp\/v2\/posts"}],"about":[{"href":"https:\/\/archivosonoro.com.ar\/wordpress\/index.php?rest_route=\/wp\/v2\/types\/post"}],"author":[{"embeddable":true,"href":"https:\/\/archivosonoro.com.ar\/wordpress\/index.php?rest_route=\/wp\/v2\/users\/7"}],"replies":[{"embeddable":true,"href":"https:\/\/archivosonoro.com.ar\/wordpress\/index.php?rest_route=%2Fwp%2Fv2%2Fcomments&post=6653"}],"version-history":[{"count":2,"href":"https:\/\/archivosonoro.com.ar\/wordpress\/index.php?rest_route=\/wp\/v2\/posts\/6653\/revisions"}],"predecessor-version":[{"id":6685,"href":"https:\/\/archivosonoro.com.ar\/wordpress\/index.php?rest_route=\/wp\/v2\/posts\/6653\/revisions\/6685"}],"wp:attachment":[{"href":"https:\/\/archivosonoro.com.ar\/wordpress\/index.php?rest_route=%2Fwp%2Fv2%2Fmedia&parent=6653"}],"wp:term":[{"taxonomy":"category","embeddable":true,"href":"https:\/\/archivosonoro.com.ar\/wordpress\/index.php?rest_route=%2Fwp%2Fv2%2Fcategories&post=6653"},{"taxonomy":"post_tag","embeddable":true,"href":"https:\/\/archivosonoro.com.ar\/wordpress\/index.php?rest_route=%2Fwp%2Fv2%2Ftags&post=6653"}],"curies":[{"name":"wp","href":"https:\/\/api.w.org\/{rel}","templated":true}]}}