{"id":6458,"date":"2013-06-26T20:19:30","date_gmt":"2013-06-26T23:19:30","guid":{"rendered":"http:\/\/archivosonoro.com.ar\/?p=6458"},"modified":"2014-12-16T14:51:13","modified_gmt":"2014-12-16T17:51:13","slug":"rios-firmo-los-ultimos-decretos-que-disminuyen-la-planta-politica","status":"publish","type":"post","link":"https:\/\/archivosonoro.com.ar\/wordpress\/?p=6458","title":{"rendered":"R\u00edos firm\u00f3 los \u00faltimos decretos que disminuyen la planta pol\u00edtica."},"content":{"rendered":"<p>La Gobernadora Fabiana R\u00edos firm\u00f3 el Decreto que dispone la disminuci\u00f3n de la planta pol\u00edtica. \u00abSi bien puede ser interpretado como un gesto en t\u00e9rminos pol\u00edticos, es tambi\u00e9n un gesto que tiene que ver, en principio con un grado de austeridad y con un grado de evaluaci\u00f3n de resultados vs  recursos puestos a disposici\u00f3n de funcionamiento y de optimizaci\u00f3n de estructuras que a mi juicio, no se estaban llevando adelante\u00bb, explic\u00f3.<br \/>\nR\u00edos asegur\u00f3 que la variaci\u00f3n es de m\u00e1s de 100 cargos y que comenz\u00f3 a analizarse antes de la toma de la Casa de Gobierno y se fueron dictando los decretos a lo largo de casi 30 d\u00edas, \u00ablo que ha pasado hoy es que se han dado a conocer los \u00faltimos decretos de cambio de estructura\u00bb.<\/p>\n","protected":false},"excerpt":{"rendered":"<p>La Gobernadora Fabiana R\u00edos firm\u00f3 el Decreto que dispone la disminuci\u00f3n de la planta pol\u00edtica. \u00abSi bien puede ser interpretado como un gesto en t\u00e9rminos pol\u00edticos, es tambi\u00e9n un gesto que tiene que ver, en principio con un grado de austeridad y con un grado de evaluaci\u00f3n de resultados vs recursos puestos a disposici\u00f3n de [&hellip;]<\/p>\n","protected":false},"author":7,"featured_media":11223,"comment_status":"open","ping_status":"open","sticky":false,"template":"","format":"standard","meta":{"footnotes":""},"categories":[28,846],"tags":[359,33],"class_list":["post-6458","post","type-post","status-publish","format-standard","has-post-thumbnail","hentry","category-especiales","category-radio-fueguina","tag-psp","tag-rios","has_thumb"],"_links":{"self":[{"href":"https:\/\/archivosonoro.com.ar\/wordpress\/index.php?rest_route=\/wp\/v2\/posts\/6458","targetHints":{"allow":["GET"]}}],"collection":[{"href":"https:\/\/archivosonoro.com.ar\/wordpress\/index.php?rest_route=\/wp\/v2\/posts"}],"about":[{"href":"https:\/\/archivosonoro.com.ar\/wordpress\/index.php?rest_route=\/wp\/v2\/types\/post"}],"author":[{"embeddable":true,"href":"https:\/\/archivosonoro.com.ar\/wordpress\/index.php?rest_route=\/wp\/v2\/users\/7"}],"replies":[{"embeddable":true,"href":"https:\/\/archivosonoro.com.ar\/wordpress\/index.php?rest_route=%2Fwp%2Fv2%2Fcomments&post=6458"}],"version-history":[{"count":3,"href":"https:\/\/archivosonoro.com.ar\/wordpress\/index.php?rest_route=\/wp\/v2\/posts\/6458\/revisions"}],"predecessor-version":[{"id":11224,"href":"https:\/\/archivosonoro.com.ar\/wordpress\/index.php?rest_route=\/wp\/v2\/posts\/6458\/revisions\/11224"}],"wp:featuredmedia":[{"embeddable":true,"href":"https:\/\/archivosonoro.com.ar\/wordpress\/index.php?rest_route=\/wp\/v2\/media\/11223"}],"wp:attachment":[{"href":"https:\/\/archivosonoro.com.ar\/wordpress\/index.php?rest_route=%2Fwp%2Fv2%2Fmedia&parent=6458"}],"wp:term":[{"taxonomy":"category","embeddable":true,"href":"https:\/\/archivosonoro.com.ar\/wordpress\/index.php?rest_route=%2Fwp%2Fv2%2Fcategories&post=6458"},{"taxonomy":"post_tag","embeddable":true,"href":"https:\/\/archivosonoro.com.ar\/wordpress\/index.php?rest_route=%2Fwp%2Fv2%2Ftags&post=6458"}],"curies":[{"name":"wp","href":"https:\/\/api.w.org\/{rel}","templated":true}]}}