{"id":6412,"date":"2013-06-24T11:17:39","date_gmt":"2013-06-24T14:17:39","guid":{"rendered":"http:\/\/archivosonoro.com.ar\/?p=6412"},"modified":"2013-06-24T11:17:39","modified_gmt":"2013-06-24T14:17:39","slug":"pj-pino-acordo-con-barrientos-entre-gallos-y-medianoche-aseguro-armando-cabral","status":"publish","type":"post","link":"https:\/\/archivosonoro.com.ar\/wordpress\/?p=6412","title":{"rendered":"PJ: Pino acord\u00f3 con Barrientos \u00abentre gallos y medianoche\u00bb, asegur\u00f3 Armando Cabral."},"content":{"rendered":"<p>Armando Cabral explic\u00f3 como por decisi\u00f3n del Presidente del Congreso Justicialista Juan Carlos Pino , qued\u00f3 fuera de las PASO. \u00abNosotros est\u00e1bamos trabajando aqu\u00ed en esto de resucitar a este PJ moribundo que tenemos en la provincia. Cuando hablo de PJ, hablo de Partido Justicialista exclusivamente sin ning\u00fan otro \u00edsmo y apareci\u00f3 en escena Juan Carlos Pino diciendo que ten\u00eda el apoyo del sector de Scioli, que hab\u00eda hablado con Pampuro en Buenos Aires, que estaba todo pr\u00e1cticamente cerrado. Que viajaba la semana previa al cierre de listas a Buenos Aires para terminar de cerrar todo y que nosotros \u00edbamos como lista 2 del PJ: \u00e9l candidato a Diputado Nacional acompa\u00f1ado por Virginia Lopez y yo como candidato a Senador acompa\u00f1ado por Pamela De Mart\u00edn de la ciudad de Ushuaia. Por tratarse de un proyecto que ten\u00eda que ver con el Partido Justicialista, que no iba a decir ac\u00e1 que era justicialista y en Buenos Aires Kirchnerista. Nos encant\u00f3 la idea y cuando me convocaron dije que si porque en 25 a\u00f1os que estoy afiliado era la primera vez que nos llamaban a participar en estas condiciones: dentro del Partido Justicialista\u00bb, explic\u00f3.<br \/>\n\u00abEl d\u00eda viernes, faltando 24Hs para el cierre de listas, apareci\u00f3 Pino diciendo que en Ushuaia los compa\u00f1eros se estaban alejando, que no se pod\u00eda dividir al PJ en tres listas (&#8230;) y la verdad, es que no lo pudo explicar. Cerr\u00f3 un acuerdo con Eduardo Barrientos entre gallos y medianoche\u00bb, agreg\u00f3 el periodista en FM Universidad.<\/p>\n","protected":false},"excerpt":{"rendered":"<p>Armando Cabral explic\u00f3 como por decisi\u00f3n del Presidente del Congreso Justicialista Juan Carlos Pino , qued\u00f3 fuera de las PASO. \u00abNosotros est\u00e1bamos trabajando aqu\u00ed en esto de resucitar a este PJ moribundo que tenemos en la provincia. Cuando hablo de PJ, hablo de Partido Justicialista exclusivamente sin ning\u00fan otro \u00edsmo y apareci\u00f3 en escena Juan [&hellip;]<\/p>\n","protected":false},"author":7,"featured_media":0,"comment_status":"open","ping_status":"open","sticky":false,"template":"","format":"standard","meta":{"footnotes":""},"categories":[543],"tags":[382,53,661,54],"class_list":["post-6412","post","type-post","status-publish","format-standard","hentry","category-fm-universidad","tag-cabral","tag-fpv","tag-pino","tag-pj"],"_links":{"self":[{"href":"https:\/\/archivosonoro.com.ar\/wordpress\/index.php?rest_route=\/wp\/v2\/posts\/6412","targetHints":{"allow":["GET"]}}],"collection":[{"href":"https:\/\/archivosonoro.com.ar\/wordpress\/index.php?rest_route=\/wp\/v2\/posts"}],"about":[{"href":"https:\/\/archivosonoro.com.ar\/wordpress\/index.php?rest_route=\/wp\/v2\/types\/post"}],"author":[{"embeddable":true,"href":"https:\/\/archivosonoro.com.ar\/wordpress\/index.php?rest_route=\/wp\/v2\/users\/7"}],"replies":[{"embeddable":true,"href":"https:\/\/archivosonoro.com.ar\/wordpress\/index.php?rest_route=%2Fwp%2Fv2%2Fcomments&post=6412"}],"version-history":[{"count":1,"href":"https:\/\/archivosonoro.com.ar\/wordpress\/index.php?rest_route=\/wp\/v2\/posts\/6412\/revisions"}],"predecessor-version":[{"id":6413,"href":"https:\/\/archivosonoro.com.ar\/wordpress\/index.php?rest_route=\/wp\/v2\/posts\/6412\/revisions\/6413"}],"wp:attachment":[{"href":"https:\/\/archivosonoro.com.ar\/wordpress\/index.php?rest_route=%2Fwp%2Fv2%2Fmedia&parent=6412"}],"wp:term":[{"taxonomy":"category","embeddable":true,"href":"https:\/\/archivosonoro.com.ar\/wordpress\/index.php?rest_route=%2Fwp%2Fv2%2Fcategories&post=6412"},{"taxonomy":"post_tag","embeddable":true,"href":"https:\/\/archivosonoro.com.ar\/wordpress\/index.php?rest_route=%2Fwp%2Fv2%2Ftags&post=6412"}],"curies":[{"name":"wp","href":"https:\/\/api.w.org\/{rel}","templated":true}]}}