{"id":6369,"date":"2013-06-19T13:30:08","date_gmt":"2013-06-19T16:30:08","guid":{"rendered":"http:\/\/archivosonoro.com.ar\/?p=6369"},"modified":"2013-06-19T13:30:08","modified_gmt":"2013-06-19T16:30:08","slug":"ipauss-sindicatos-municipales-se-reunieron-con-el-concejal-oscar-rubinos","status":"publish","type":"post","link":"https:\/\/archivosonoro.com.ar\/wordpress\/?p=6369","title":{"rendered":"IPAUSS: sindicatos municipales se reunieron con el Concejal Oscar Rubinos."},"content":{"rendered":"<p>Gremios municipales se reunieron ayer con el Concejal Oscar Rubinos para saber la postura acerca de los proyectos de reforma del IPAUSS enviados por gobierno al Consejo Econ\u00f3mico y Social.<br \/>\nSandra Esper\u00f3n dijo que los trabajadores expusieron su posici\u00f3n y puntualmente asegur\u00f3: \u00abcreemos que este no es el \u00e1mbito en que debe tratarse este tema\u00bb. Asegur\u00f3 que los gremios municipales no cuentan con los proyectos y que la gobernadora, a pesar de reunirse con otras entidades de trabajadores, nunca ha respondido a los pedidos de audiencia que el SOEM formulara.<\/p>\n","protected":false},"excerpt":{"rendered":"<p>Gremios municipales se reunieron ayer con el Concejal Oscar Rubinos para saber la postura acerca de los proyectos de reforma del IPAUSS enviados por gobierno al Consejo Econ\u00f3mico y Social. Sandra Esper\u00f3n dijo que los trabajadores expusieron su posici\u00f3n y puntualmente asegur\u00f3: \u00abcreemos que este no es el \u00e1mbito en que debe tratarse este tema\u00bb. [&hellip;]<\/p>\n","protected":false},"author":7,"featured_media":0,"comment_status":"open","ping_status":"open","sticky":false,"template":"","format":"standard","meta":{"footnotes":""},"categories":[41],"tags":[42,5,143,44,87],"class_list":["post-6369","post","type-post","status-publish","format-standard","hentry","category-radio-uno","tag-esperon","tag-ipauss","tag-rubinos","tag-soem","tag-ucr"],"_links":{"self":[{"href":"https:\/\/archivosonoro.com.ar\/wordpress\/index.php?rest_route=\/wp\/v2\/posts\/6369","targetHints":{"allow":["GET"]}}],"collection":[{"href":"https:\/\/archivosonoro.com.ar\/wordpress\/index.php?rest_route=\/wp\/v2\/posts"}],"about":[{"href":"https:\/\/archivosonoro.com.ar\/wordpress\/index.php?rest_route=\/wp\/v2\/types\/post"}],"author":[{"embeddable":true,"href":"https:\/\/archivosonoro.com.ar\/wordpress\/index.php?rest_route=\/wp\/v2\/users\/7"}],"replies":[{"embeddable":true,"href":"https:\/\/archivosonoro.com.ar\/wordpress\/index.php?rest_route=%2Fwp%2Fv2%2Fcomments&post=6369"}],"version-history":[{"count":1,"href":"https:\/\/archivosonoro.com.ar\/wordpress\/index.php?rest_route=\/wp\/v2\/posts\/6369\/revisions"}],"predecessor-version":[{"id":6370,"href":"https:\/\/archivosonoro.com.ar\/wordpress\/index.php?rest_route=\/wp\/v2\/posts\/6369\/revisions\/6370"}],"wp:attachment":[{"href":"https:\/\/archivosonoro.com.ar\/wordpress\/index.php?rest_route=%2Fwp%2Fv2%2Fmedia&parent=6369"}],"wp:term":[{"taxonomy":"category","embeddable":true,"href":"https:\/\/archivosonoro.com.ar\/wordpress\/index.php?rest_route=%2Fwp%2Fv2%2Fcategories&post=6369"},{"taxonomy":"post_tag","embeddable":true,"href":"https:\/\/archivosonoro.com.ar\/wordpress\/index.php?rest_route=%2Fwp%2Fv2%2Ftags&post=6369"}],"curies":[{"name":"wp","href":"https:\/\/api.w.org\/{rel}","templated":true}]}}