{"id":6367,"date":"2013-06-19T13:20:16","date_gmt":"2013-06-19T16:20:16","guid":{"rendered":"http:\/\/archivosonoro.com.ar\/?p=6367"},"modified":"2013-06-19T13:20:16","modified_gmt":"2013-06-19T16:20:16","slug":"arcando-j-lamento-que-el-pj-no-integre-el-fpv-en-tierra-del-fuego","status":"publish","type":"post","link":"https:\/\/archivosonoro.com.ar\/wordpress\/?p=6367","title":{"rendered":"Arcando J: lament\u00f3 que el PJ no integre el FPV en Tierra del Fuego."},"content":{"rendered":"<p>Como Presidente de la Junta Electoral del Frente para la Victoria, Juan Carlos Arcando asegur\u00f3 que \u00abno hubo nunca un acercamiento, ni siquiera hemos tenido una charla con algunos compa\u00f1eros del Partido Justicialista, por eso, no est\u00e1 dentro del FPV, nuevamente, en la provincia\u00bb y lament\u00f3 que una vez m\u00e1s, el PJ no integre el frente.<br \/>\nRespecto a la decisi\u00f3n del PSP de no presentar candidatos dijo ser respetuoso pero inst\u00f3 a no echar la culpa a los dem\u00e1s de situaciones propias. y en cuanto a las candidaturas de su espacio pol\u00edtico, solo confirm\u00f3 en FM Universidad a Rosana Bertone encabezando la lista a senadores.<\/p>\n","protected":false},"excerpt":{"rendered":"<p>Como Presidente de la Junta Electoral del Frente para la Victoria, Juan Carlos Arcando asegur\u00f3 que \u00abno hubo nunca un acercamiento, ni siquiera hemos tenido una charla con algunos compa\u00f1eros del Partido Justicialista, por eso, no est\u00e1 dentro del FPV, nuevamente, en la provincia\u00bb y lament\u00f3 que una vez m\u00e1s, el PJ no integre el [&hellip;]<\/p>\n","protected":false},"author":7,"featured_media":0,"comment_status":"open","ping_status":"open","sticky":false,"template":"","format":"standard","meta":{"footnotes":""},"categories":[543],"tags":[67,53,54],"class_list":["post-6367","post","type-post","status-publish","format-standard","hentry","category-fm-universidad","tag-arcando","tag-fpv","tag-pj"],"_links":{"self":[{"href":"https:\/\/archivosonoro.com.ar\/wordpress\/index.php?rest_route=\/wp\/v2\/posts\/6367","targetHints":{"allow":["GET"]}}],"collection":[{"href":"https:\/\/archivosonoro.com.ar\/wordpress\/index.php?rest_route=\/wp\/v2\/posts"}],"about":[{"href":"https:\/\/archivosonoro.com.ar\/wordpress\/index.php?rest_route=\/wp\/v2\/types\/post"}],"author":[{"embeddable":true,"href":"https:\/\/archivosonoro.com.ar\/wordpress\/index.php?rest_route=\/wp\/v2\/users\/7"}],"replies":[{"embeddable":true,"href":"https:\/\/archivosonoro.com.ar\/wordpress\/index.php?rest_route=%2Fwp%2Fv2%2Fcomments&post=6367"}],"version-history":[{"count":1,"href":"https:\/\/archivosonoro.com.ar\/wordpress\/index.php?rest_route=\/wp\/v2\/posts\/6367\/revisions"}],"predecessor-version":[{"id":6368,"href":"https:\/\/archivosonoro.com.ar\/wordpress\/index.php?rest_route=\/wp\/v2\/posts\/6367\/revisions\/6368"}],"wp:attachment":[{"href":"https:\/\/archivosonoro.com.ar\/wordpress\/index.php?rest_route=%2Fwp%2Fv2%2Fmedia&parent=6367"}],"wp:term":[{"taxonomy":"category","embeddable":true,"href":"https:\/\/archivosonoro.com.ar\/wordpress\/index.php?rest_route=%2Fwp%2Fv2%2Fcategories&post=6367"},{"taxonomy":"post_tag","embeddable":true,"href":"https:\/\/archivosonoro.com.ar\/wordpress\/index.php?rest_route=%2Fwp%2Fv2%2Ftags&post=6367"}],"curies":[{"name":"wp","href":"https:\/\/api.w.org\/{rel}","templated":true}]}}