{"id":6214,"date":"2013-06-11T12:32:22","date_gmt":"2013-06-11T15:32:22","guid":{"rendered":"http:\/\/archivosonoro.com.ar\/?p=6214"},"modified":"2013-06-11T12:32:22","modified_gmt":"2013-06-11T15:32:22","slug":"ipauss-rodriguez-admitio-diferencias-dentro-del-bloque-de-la-ucr-y-manifesto-estar-dispuesto-a-pagar-el-costo-politico","status":"publish","type":"post","link":"https:\/\/archivosonoro.com.ar\/wordpress\/?p=6214","title":{"rendered":"IPAUSS: Rodriguez admiti\u00f3 diferencias dentro del bloque de la UCR y manifest\u00f3 estar dispuesto a pagar el costo pol\u00edtico"},"content":{"rendered":"<p>Juan Rodriguez dijo que los proyectos de reforma al IPAUSS impulsados por el Ejecutivo \u00abvan a generar mucho debate, muchos puntos de vista y seguramente en alg\u00fan punto, podr\u00e1n ser mejorados, modificados y discutidos en la C\u00e1mara\u00bb.<br \/>\nEl Legislador radical confirm\u00f3 que uno de los proyectos habla de una emergencia por 3 a\u00f1os que coincidir\u00eda con la finalizaci\u00f3n del mandato de Rios y permitir\u00eda al pr\u00f3ximo gobierno \u00abtomar otro camino\u00bb. Adem\u00e1s, aclar\u00f3 una declaraci\u00f3n suya de d\u00edas anteriores respecto a la \u00abarmonizaci\u00f3n\u00bb de la Caja y dio su parecer acerca de la modificaci\u00f3n de los reg\u00edmenes previsionales vigentes. Admiti\u00f3 diferencias dentro del bloque de la UCR respecto a este tema y asegur\u00f3 estar dispuesto a pagar el costo pol\u00edtico que genere la resoluci\u00f3n de la situaci\u00f3n del IPAUSS<\/p>\n","protected":false},"excerpt":{"rendered":"<p>Juan Rodriguez dijo que los proyectos de reforma al IPAUSS impulsados por el Ejecutivo \u00abvan a generar mucho debate, muchos puntos de vista y seguramente en alg\u00fan punto, podr\u00e1n ser mejorados, modificados y discutidos en la C\u00e1mara\u00bb. El Legislador radical confirm\u00f3 que uno de los proyectos habla de una emergencia por 3 a\u00f1os que coincidir\u00eda [&hellip;]<\/p>\n","protected":false},"author":7,"featured_media":0,"comment_status":"open","ping_status":"open","sticky":false,"template":"","format":"standard","meta":{"footnotes":""},"categories":[45],"tags":[5,483,87],"class_list":["post-6214","post","type-post","status-publish","format-standard","hentry","category-fm-aire-libre","tag-ipauss","tag-rodriguez","tag-ucr"],"_links":{"self":[{"href":"https:\/\/archivosonoro.com.ar\/wordpress\/index.php?rest_route=\/wp\/v2\/posts\/6214","targetHints":{"allow":["GET"]}}],"collection":[{"href":"https:\/\/archivosonoro.com.ar\/wordpress\/index.php?rest_route=\/wp\/v2\/posts"}],"about":[{"href":"https:\/\/archivosonoro.com.ar\/wordpress\/index.php?rest_route=\/wp\/v2\/types\/post"}],"author":[{"embeddable":true,"href":"https:\/\/archivosonoro.com.ar\/wordpress\/index.php?rest_route=\/wp\/v2\/users\/7"}],"replies":[{"embeddable":true,"href":"https:\/\/archivosonoro.com.ar\/wordpress\/index.php?rest_route=%2Fwp%2Fv2%2Fcomments&post=6214"}],"version-history":[{"count":1,"href":"https:\/\/archivosonoro.com.ar\/wordpress\/index.php?rest_route=\/wp\/v2\/posts\/6214\/revisions"}],"predecessor-version":[{"id":6215,"href":"https:\/\/archivosonoro.com.ar\/wordpress\/index.php?rest_route=\/wp\/v2\/posts\/6214\/revisions\/6215"}],"wp:attachment":[{"href":"https:\/\/archivosonoro.com.ar\/wordpress\/index.php?rest_route=%2Fwp%2Fv2%2Fmedia&parent=6214"}],"wp:term":[{"taxonomy":"category","embeddable":true,"href":"https:\/\/archivosonoro.com.ar\/wordpress\/index.php?rest_route=%2Fwp%2Fv2%2Fcategories&post=6214"},{"taxonomy":"post_tag","embeddable":true,"href":"https:\/\/archivosonoro.com.ar\/wordpress\/index.php?rest_route=%2Fwp%2Fv2%2Ftags&post=6214"}],"curies":[{"name":"wp","href":"https:\/\/api.w.org\/{rel}","templated":true}]}}