{"id":6078,"date":"2013-06-03T21:18:23","date_gmt":"2013-06-04T00:18:23","guid":{"rendered":"http:\/\/archivosonoro.com.ar\/?p=6078"},"modified":"2013-06-03T21:18:23","modified_gmt":"2013-06-04T00:18:23","slug":"vialidad-provincial-dandrea-respondio-a-los-trabajadores-de-ate-mostrando-documentacion","status":"publish","type":"post","link":"https:\/\/archivosonoro.com.ar\/wordpress\/?p=6078","title":{"rendered":"Vialidad provincial: D&#8217;Andrea respondi\u00f3 a los trabajadores de ATE mostrando documentaci\u00f3n."},"content":{"rendered":"<p>El Director provincial de Vialidad, Eduardo D&#8217;Andrea, respondi\u00f3 a los puntos que reclaman los trabajadores nucleados en ATE.<br \/>\nMostrando en los estudios de FM Universidad documentaci\u00f3n respaldatoria, certificada por personal de planta, asegur\u00f3 que en la dependencia  hay 5 empleados en planta pol\u00edtica y brind\u00f3 el estado del parque automotor.<br \/>\nEn cuanto al hijo de la funcionaria N\u00e9lida Belous, dijo que ingres\u00f3 a la Direcci\u00f3n sin concurso, que es Maestro Mayor de Obra, que su incorporaci\u00f3n es justamente para obras y en ese momento no hab\u00eda directivas de concurso para el ingreso.<br \/>\nTambi\u00e9n respondi\u00f3 a las acusaciones sobre falta de combustible y admiti\u00f3 que en la Direcci\u00f3n falta maquinaria: \u00absi quisi\u00e9ramos encarar obras por administraci\u00f3n, m\u00e1s el mantenimiento de la red vial provincial m\u00e1s el TFO que es el convenio de transferencia de funciones operativas con Vialidad Nacional, no tenemos la maquinaria para poder asistirlo\u00bb.<br \/>\nD&#8217;Andrea interpret\u00f3 que el inconveniente de fondo con el sindicato es que \u00abestamos en medio de una discusi\u00f3n de paritarias provinciales y en esa mesa de discusi\u00f3n de paritarias no se encuentra el gremio de los trabajadores del estado\u00bb.<\/p>\n","protected":false},"excerpt":{"rendered":"<p>El Director provincial de Vialidad, Eduardo D&#8217;Andrea, respondi\u00f3 a los puntos que reclaman los trabajadores nucleados en ATE. Mostrando en los estudios de FM Universidad documentaci\u00f3n respaldatoria, certificada por personal de planta, asegur\u00f3 que en la dependencia hay 5 empleados en planta pol\u00edtica y brind\u00f3 el estado del parque automotor. En cuanto al hijo de [&hellip;]<\/p>\n","protected":false},"author":7,"featured_media":0,"comment_status":"open","ping_status":"open","sticky":false,"template":"","format":"standard","meta":{"footnotes":""},"categories":[543],"tags":[771,10,150,648,1328],"class_list":["post-6078","post","type-post","status-publish","format-standard","hentry","category-fm-universidad","tag-aguirre","tag-ate","tag-belous","tag-dandrea","tag-vialidad"],"_links":{"self":[{"href":"https:\/\/archivosonoro.com.ar\/wordpress\/index.php?rest_route=\/wp\/v2\/posts\/6078","targetHints":{"allow":["GET"]}}],"collection":[{"href":"https:\/\/archivosonoro.com.ar\/wordpress\/index.php?rest_route=\/wp\/v2\/posts"}],"about":[{"href":"https:\/\/archivosonoro.com.ar\/wordpress\/index.php?rest_route=\/wp\/v2\/types\/post"}],"author":[{"embeddable":true,"href":"https:\/\/archivosonoro.com.ar\/wordpress\/index.php?rest_route=\/wp\/v2\/users\/7"}],"replies":[{"embeddable":true,"href":"https:\/\/archivosonoro.com.ar\/wordpress\/index.php?rest_route=%2Fwp%2Fv2%2Fcomments&post=6078"}],"version-history":[{"count":1,"href":"https:\/\/archivosonoro.com.ar\/wordpress\/index.php?rest_route=\/wp\/v2\/posts\/6078\/revisions"}],"predecessor-version":[{"id":6079,"href":"https:\/\/archivosonoro.com.ar\/wordpress\/index.php?rest_route=\/wp\/v2\/posts\/6078\/revisions\/6079"}],"wp:attachment":[{"href":"https:\/\/archivosonoro.com.ar\/wordpress\/index.php?rest_route=%2Fwp%2Fv2%2Fmedia&parent=6078"}],"wp:term":[{"taxonomy":"category","embeddable":true,"href":"https:\/\/archivosonoro.com.ar\/wordpress\/index.php?rest_route=%2Fwp%2Fv2%2Fcategories&post=6078"},{"taxonomy":"post_tag","embeddable":true,"href":"https:\/\/archivosonoro.com.ar\/wordpress\/index.php?rest_route=%2Fwp%2Fv2%2Ftags&post=6078"}],"curies":[{"name":"wp","href":"https:\/\/api.w.org\/{rel}","templated":true}]}}