{"id":6039,"date":"2013-06-01T14:54:05","date_gmt":"2013-06-01T17:54:05","guid":{"rendered":"http:\/\/archivosonoro.com.ar\/?p=6039"},"modified":"2013-06-01T14:54:05","modified_gmt":"2013-06-01T17:54:05","slug":"dos-preguntan-ipauss-si-se-cobran-las-acreencias-se-puede-ir-paliando-el-momento-que-se-esta-pasando-aseguro-imboden","status":"publish","type":"post","link":"https:\/\/archivosonoro.com.ar\/wordpress\/?p=6039","title":{"rendered":"Dos Preguntan: IPAUSS: \u00abSi se cobran las acreencias, se puede ir paliando el momento que se est\u00e1 pasando\u00bb, asegur\u00f3 Imboden."},"content":{"rendered":"<p>\u00daltimo tramo de Dos Preguntan y con el contacto telef\u00f3nico con Pablo Imboden, Presidente del Centro de Jubilados Ley 244, se abord\u00f3 el tema del IPAUSS. Confirm\u00f3 que se efectiviz\u00f3 un adelanto de $7.000 correspondiente a los haberes de mayo y adelant\u00f3 que posiblemente, junto con el Centro de Jubilados Akainik solicitar\u00e1n una reuni\u00f3n con la Gobernadora y sin los Directores del organismo para ver como se continuar\u00e1 con el pago de las jubilaciones.<br \/>\n\u00abSi se cobran las acreencias, se puede ir paliando el momento que se est\u00e1 pasando\u00bb, asegur\u00f3 Imboden.<\/p>\n","protected":false},"excerpt":{"rendered":"<p>\u00daltimo tramo de Dos Preguntan y con el contacto telef\u00f3nico con Pablo Imboden, Presidente del Centro de Jubilados Ley 244, se abord\u00f3 el tema del IPAUSS. Confirm\u00f3 que se efectiviz\u00f3 un adelanto de $7.000 correspondiente a los haberes de mayo y adelant\u00f3 que posiblemente, junto con el Centro de Jubilados Akainik solicitar\u00e1n una reuni\u00f3n con [&hellip;]<\/p>\n","protected":false},"author":7,"featured_media":0,"comment_status":"open","ping_status":"open","sticky":false,"template":"","format":"standard","meta":{"footnotes":""},"categories":[543],"tags":[1186,5],"class_list":["post-6039","post","type-post","status-publish","format-standard","hentry","category-fm-universidad","tag-imboden","tag-ipauss"],"_links":{"self":[{"href":"https:\/\/archivosonoro.com.ar\/wordpress\/index.php?rest_route=\/wp\/v2\/posts\/6039","targetHints":{"allow":["GET"]}}],"collection":[{"href":"https:\/\/archivosonoro.com.ar\/wordpress\/index.php?rest_route=\/wp\/v2\/posts"}],"about":[{"href":"https:\/\/archivosonoro.com.ar\/wordpress\/index.php?rest_route=\/wp\/v2\/types\/post"}],"author":[{"embeddable":true,"href":"https:\/\/archivosonoro.com.ar\/wordpress\/index.php?rest_route=\/wp\/v2\/users\/7"}],"replies":[{"embeddable":true,"href":"https:\/\/archivosonoro.com.ar\/wordpress\/index.php?rest_route=%2Fwp%2Fv2%2Fcomments&post=6039"}],"version-history":[{"count":1,"href":"https:\/\/archivosonoro.com.ar\/wordpress\/index.php?rest_route=\/wp\/v2\/posts\/6039\/revisions"}],"predecessor-version":[{"id":6040,"href":"https:\/\/archivosonoro.com.ar\/wordpress\/index.php?rest_route=\/wp\/v2\/posts\/6039\/revisions\/6040"}],"wp:attachment":[{"href":"https:\/\/archivosonoro.com.ar\/wordpress\/index.php?rest_route=%2Fwp%2Fv2%2Fmedia&parent=6039"}],"wp:term":[{"taxonomy":"category","embeddable":true,"href":"https:\/\/archivosonoro.com.ar\/wordpress\/index.php?rest_route=%2Fwp%2Fv2%2Fcategories&post=6039"},{"taxonomy":"post_tag","embeddable":true,"href":"https:\/\/archivosonoro.com.ar\/wordpress\/index.php?rest_route=%2Fwp%2Fv2%2Ftags&post=6039"}],"curies":[{"name":"wp","href":"https:\/\/api.w.org\/{rel}","templated":true}]}}