{"id":5884,"date":"2013-05-22T10:38:27","date_gmt":"2013-05-22T13:38:27","guid":{"rendered":"http:\/\/archivosonoro.com.ar\/?p=5884"},"modified":"2013-05-22T10:38:27","modified_gmt":"2013-05-22T13:38:27","slug":"de-la-riva-a-el-mpf-hizo-escuela-en-cuanto-al-robo-al-estado","status":"publish","type":"post","link":"https:\/\/archivosonoro.com.ar\/wordpress\/?p=5884","title":{"rendered":"De la Riva A: \u00abEl MPF hizo escuela en cuanto al robo al Estado\u00bb."},"content":{"rendered":"<p>Desde los estudios de FM Aire Libre, Alejandro De la Riva analiz\u00f3 la situaci\u00f3n provincial. Cuestionando inicialmente los gastos corrientes del ejecutivo, explic\u00f3 por qu\u00e9 el Estado se torna inviable y responsabiliz\u00f3 tambi\u00e9n a los legisladores que deben analizar la cuenta de ejercicio. Traz\u00f3 un paralelismo entre los motivos de la destituci\u00f3n del gobernador Jorge Colazo con la actualidad y se pregunt\u00f3 por qu\u00e9 no es destituida Fabiana R\u00edos a lo que auto respondi\u00f3 que se debe a que \u00abno est\u00e1 arreglada la sucesi\u00f3n\u00bb.<br \/>\nEl abogado habl\u00f3 adem\u00e1s del IPAUSS y de la remisi\u00f3n de fondos coparticipables a los municipios.<br \/>\nDur\u00edsimas cr\u00edticas formul\u00f3 al Movimiento Popular Fueguino: \u00abEl MPF hizo escuela en cuanto al robo al Estado. Si ha habido partido de ladrones es el MPF (&#8230;) La destrucci\u00f3n del aparato del Estado fue por manos del MPF\u00bb, asegur\u00f3. Tambi\u00e9n, dedic\u00f3 un espacio de la charla a hablar de las denuncias por corrupci\u00f3n que no avanzan y critic\u00f3 el accionar judicial.<\/p>\n","protected":false},"excerpt":{"rendered":"<p>Desde los estudios de FM Aire Libre, Alejandro De la Riva analiz\u00f3 la situaci\u00f3n provincial. Cuestionando inicialmente los gastos corrientes del ejecutivo, explic\u00f3 por qu\u00e9 el Estado se torna inviable y responsabiliz\u00f3 tambi\u00e9n a los legisladores que deben analizar la cuenta de ejercicio. Traz\u00f3 un paralelismo entre los motivos de la destituci\u00f3n del gobernador Jorge [&hellip;]<\/p>\n","protected":false},"author":7,"featured_media":0,"comment_status":"open","ping_status":"open","sticky":false,"template":"","format":"standard","meta":{"footnotes":""},"categories":[45],"tags":[602,5,1376,481],"class_list":["post-5884","post","type-post","status-publish","format-standard","hentry","category-fm-aire-libre","tag-de-la-riva","tag-ipauss","tag-mopof","tag-mpf"],"_links":{"self":[{"href":"https:\/\/archivosonoro.com.ar\/wordpress\/index.php?rest_route=\/wp\/v2\/posts\/5884","targetHints":{"allow":["GET"]}}],"collection":[{"href":"https:\/\/archivosonoro.com.ar\/wordpress\/index.php?rest_route=\/wp\/v2\/posts"}],"about":[{"href":"https:\/\/archivosonoro.com.ar\/wordpress\/index.php?rest_route=\/wp\/v2\/types\/post"}],"author":[{"embeddable":true,"href":"https:\/\/archivosonoro.com.ar\/wordpress\/index.php?rest_route=\/wp\/v2\/users\/7"}],"replies":[{"embeddable":true,"href":"https:\/\/archivosonoro.com.ar\/wordpress\/index.php?rest_route=%2Fwp%2Fv2%2Fcomments&post=5884"}],"version-history":[{"count":1,"href":"https:\/\/archivosonoro.com.ar\/wordpress\/index.php?rest_route=\/wp\/v2\/posts\/5884\/revisions"}],"predecessor-version":[{"id":5885,"href":"https:\/\/archivosonoro.com.ar\/wordpress\/index.php?rest_route=\/wp\/v2\/posts\/5884\/revisions\/5885"}],"wp:attachment":[{"href":"https:\/\/archivosonoro.com.ar\/wordpress\/index.php?rest_route=%2Fwp%2Fv2%2Fmedia&parent=5884"}],"wp:term":[{"taxonomy":"category","embeddable":true,"href":"https:\/\/archivosonoro.com.ar\/wordpress\/index.php?rest_route=%2Fwp%2Fv2%2Fcategories&post=5884"},{"taxonomy":"post_tag","embeddable":true,"href":"https:\/\/archivosonoro.com.ar\/wordpress\/index.php?rest_route=%2Fwp%2Fv2%2Ftags&post=5884"}],"curies":[{"name":"wp","href":"https:\/\/api.w.org\/{rel}","templated":true}]}}