{"id":5860,"date":"2013-05-20T11:59:02","date_gmt":"2013-05-20T14:59:02","guid":{"rendered":"http:\/\/archivosonoro.com.ar\/?p=5860"},"modified":"2013-05-20T12:00:20","modified_gmt":"2013-05-20T15:00:20","slug":"cardenal-l-tenemos-que-empezar-a-escuchar-a-los-afiliados-del-partido","status":"publish","type":"post","link":"https:\/\/archivosonoro.com.ar\/wordpress\/?p=5860","title":{"rendered":"C\u00e1rdenas L: \u00abtenemos que empezar a escuchar a los afiliados del partido\u00bb."},"content":{"rendered":"<p>Afiliados al Partido Federal Fueguino reclaman a la conducci\u00f3n debate y participaci\u00f3n en los posibles acuerdos con vistas a las elecciones de este a\u00f1o. Unos 120 afiliados firmaron una solicitada pidiendo una Asamblea.<br \/>\nLuis C\u00e1rdenas explic\u00f3 que esto surge a ra\u00edz de publicaciones period\u00edsticas que vincularon a la Diputada Fadul en un frente con el Pro y posteriormente con Moyano: \u00abmerecemos todos los que somos afiliados saber cu\u00e1l es el pensamiento de quien es la Presidenta de nuestro partido y la principal referente tal vez, por la historia que tiene, pero me parece tambi\u00e9n, que tenemos que de alguna manera empezar a escuchar a los afiliados del partido\u00bb.<br \/>\nEn Radio Fundaci\u00f3n Austral, C\u00e1rdenas adem\u00e1s fue consultado por su labor en el Concejo Deliberante y una vez m\u00e1s cuestion\u00f3 la concesi\u00f3n de recolecci\u00f3n de residuos y confirm\u00f3 su participaci\u00f3n en la reuni\u00f3n de esta tarde en la Comisi\u00f3n de Presupuesto de la Legislatura a pesar de no haber sido invitado: \u00abesperemos que no sea para la foto, ojal\u00e1 que concretamente haya un avance\u00bb, resalt\u00f3.<\/p>\n","protected":false},"excerpt":{"rendered":"<p>Afiliados al Partido Federal Fueguino reclaman a la conducci\u00f3n debate y participaci\u00f3n en los posibles acuerdos con vistas a las elecciones de este a\u00f1o. Unos 120 afiliados firmaron una solicitada pidiendo una Asamblea. Luis C\u00e1rdenas explic\u00f3 que esto surge a ra\u00edz de publicaciones period\u00edsticas que vincularon a la Diputada Fadul en un frente con el [&hellip;]<\/p>\n","protected":false},"author":7,"featured_media":0,"comment_status":"open","ping_status":"open","sticky":false,"template":"","format":"standard","meta":{"footnotes":""},"categories":[966],"tags":[1373,243,5,266],"class_list":["post-5860","post","type-post","status-publish","format-standard","hentry","category-radio-fundacion-austral","tag-agrotecnica","tag-cardenas","tag-ipauss","tag-pff"],"_links":{"self":[{"href":"https:\/\/archivosonoro.com.ar\/wordpress\/index.php?rest_route=\/wp\/v2\/posts\/5860","targetHints":{"allow":["GET"]}}],"collection":[{"href":"https:\/\/archivosonoro.com.ar\/wordpress\/index.php?rest_route=\/wp\/v2\/posts"}],"about":[{"href":"https:\/\/archivosonoro.com.ar\/wordpress\/index.php?rest_route=\/wp\/v2\/types\/post"}],"author":[{"embeddable":true,"href":"https:\/\/archivosonoro.com.ar\/wordpress\/index.php?rest_route=\/wp\/v2\/users\/7"}],"replies":[{"embeddable":true,"href":"https:\/\/archivosonoro.com.ar\/wordpress\/index.php?rest_route=%2Fwp%2Fv2%2Fcomments&post=5860"}],"version-history":[{"count":2,"href":"https:\/\/archivosonoro.com.ar\/wordpress\/index.php?rest_route=\/wp\/v2\/posts\/5860\/revisions"}],"predecessor-version":[{"id":5863,"href":"https:\/\/archivosonoro.com.ar\/wordpress\/index.php?rest_route=\/wp\/v2\/posts\/5860\/revisions\/5863"}],"wp:attachment":[{"href":"https:\/\/archivosonoro.com.ar\/wordpress\/index.php?rest_route=%2Fwp%2Fv2%2Fmedia&parent=5860"}],"wp:term":[{"taxonomy":"category","embeddable":true,"href":"https:\/\/archivosonoro.com.ar\/wordpress\/index.php?rest_route=%2Fwp%2Fv2%2Fcategories&post=5860"},{"taxonomy":"post_tag","embeddable":true,"href":"https:\/\/archivosonoro.com.ar\/wordpress\/index.php?rest_route=%2Fwp%2Fv2%2Ftags&post=5860"}],"curies":[{"name":"wp","href":"https:\/\/api.w.org\/{rel}","templated":true}]}}