{"id":5837,"date":"2013-05-17T09:55:20","date_gmt":"2013-05-17T12:55:20","guid":{"rendered":"http:\/\/archivosonoro.com.ar\/?p=5837"},"modified":"2013-05-17T09:55:20","modified_gmt":"2013-05-17T12:55:20","slug":"vernet-a-tenemos-un-estado-provincial-que-esta-ausente","status":"publish","type":"post","link":"https:\/\/archivosonoro.com.ar\/wordpress\/?p=5837","title":{"rendered":"Vernet A: \u00abtenemos un estado provincial que est\u00e1 ausente\u00bb"},"content":{"rendered":"<p>El Presidente del Comit\u00e9 Ushuaia de la Uni\u00f3n C\u00edvica Radical analiz\u00f3 la situaci\u00f3n por la que atraviesa la provincia y carg\u00f3 contra el gobierno por no haber hecho las modificaciones que requiere el Estado durante los \u00faltimos 5 a\u00f1os: \u00ablamentablemente, hemos pasado estos \u00faltimos 5 a\u00f1os en Tierra del Fuego sin plantear estos temas que son los que deb\u00edan plantearse de fondo. Nosotros como oposici\u00f3n tambi\u00e9n tendremos nuestra cuota de responsabilidad de no haberlos impulsado pero, fundamentalmente, el gobierno que es quien debe llevar adelante un plan pol\u00edtico y no se hizo\u00bb, afirm\u00f3.<br \/>\nAlejandro Vernet puso como ejemplo al IPAUSS y agreg\u00f3 que las instituciones con las que podr\u00eda contar el gobierno han sido desvirtuadas como el Consejo Econ\u00f3mico y Social. Adem\u00e1s, asegur\u00f3 que \u00abtenemos un estado provincial que est\u00e1 ausente  de las decisiones, no genera absolutamente nada de gesti\u00f3n, administra la crisis\u00bb y ya no puede echarle la culpa al gobierno anterior.<\/p>\n","protected":false},"excerpt":{"rendered":"<p>El Presidente del Comit\u00e9 Ushuaia de la Uni\u00f3n C\u00edvica Radical analiz\u00f3 la situaci\u00f3n por la que atraviesa la provincia y carg\u00f3 contra el gobierno por no haber hecho las modificaciones que requiere el Estado durante los \u00faltimos 5 a\u00f1os: \u00ablamentablemente, hemos pasado estos \u00faltimos 5 a\u00f1os en Tierra del Fuego sin plantear estos temas que [&hellip;]<\/p>\n","protected":false},"author":7,"featured_media":0,"comment_status":"open","ping_status":"open","sticky":false,"template":"","format":"standard","meta":{"footnotes":""},"categories":[544],"tags":[5,409],"class_list":["post-5837","post","type-post","status-publish","format-standard","hentry","category-fm-la-isla","tag-ipauss","tag-vernet"],"_links":{"self":[{"href":"https:\/\/archivosonoro.com.ar\/wordpress\/index.php?rest_route=\/wp\/v2\/posts\/5837","targetHints":{"allow":["GET"]}}],"collection":[{"href":"https:\/\/archivosonoro.com.ar\/wordpress\/index.php?rest_route=\/wp\/v2\/posts"}],"about":[{"href":"https:\/\/archivosonoro.com.ar\/wordpress\/index.php?rest_route=\/wp\/v2\/types\/post"}],"author":[{"embeddable":true,"href":"https:\/\/archivosonoro.com.ar\/wordpress\/index.php?rest_route=\/wp\/v2\/users\/7"}],"replies":[{"embeddable":true,"href":"https:\/\/archivosonoro.com.ar\/wordpress\/index.php?rest_route=%2Fwp%2Fv2%2Fcomments&post=5837"}],"version-history":[{"count":1,"href":"https:\/\/archivosonoro.com.ar\/wordpress\/index.php?rest_route=\/wp\/v2\/posts\/5837\/revisions"}],"predecessor-version":[{"id":5838,"href":"https:\/\/archivosonoro.com.ar\/wordpress\/index.php?rest_route=\/wp\/v2\/posts\/5837\/revisions\/5838"}],"wp:attachment":[{"href":"https:\/\/archivosonoro.com.ar\/wordpress\/index.php?rest_route=%2Fwp%2Fv2%2Fmedia&parent=5837"}],"wp:term":[{"taxonomy":"category","embeddable":true,"href":"https:\/\/archivosonoro.com.ar\/wordpress\/index.php?rest_route=%2Fwp%2Fv2%2Fcategories&post=5837"},{"taxonomy":"post_tag","embeddable":true,"href":"https:\/\/archivosonoro.com.ar\/wordpress\/index.php?rest_route=%2Fwp%2Fv2%2Ftags&post=5837"}],"curies":[{"name":"wp","href":"https:\/\/api.w.org\/{rel}","templated":true}]}}