{"id":5805,"date":"2013-05-14T13:31:49","date_gmt":"2013-05-14T16:31:49","guid":{"rendered":"http:\/\/archivosonoro.com.ar\/?p=5805"},"modified":"2013-05-14T13:31:49","modified_gmt":"2013-05-14T16:31:49","slug":"sinchicay-v-el-infuetur-y-la-dpp-acordaron-el-pago-de-deuda-con-el-ipauss","status":"publish","type":"post","link":"https:\/\/archivosonoro.com.ar\/wordpress\/?p=5805","title":{"rendered":"Sinchicay V: El INFUETUR y la DPP acordaron el pago de deuda con el IPAUSS."},"content":{"rendered":"<p>El presidente del IPAUSS brind\u00f3 detalles del acuerdo con el INFUETUR y la Direcci\u00f3n provincial de puertos en relaci\u00f3n a la cancelaci\u00f3n de deudas que mantienen con el organismo.<br \/>\nVicente Sinchicay explic\u00f3 en Radio Fundaci\u00f3n Austral que la deuda del puerto se trataba de un pr\u00e9stamo que se le otorg\u00f3 oportunamente para la ampliaci\u00f3n del muelle y confirm\u00f3 que hoy se har\u00e1 una entrega inicial de unos 5,2 millones y el resto en 12 cuotas iguales. Este dinero ser\u00e1 destinado, junto con un aporte del ejecutivo provincial, a un segundo pago de los haberes jubilatorios correspondientes al mes de abril.<br \/>\nRespecto al INFUETUR, inform\u00f3 que en este caso la deuda corresponde a aportes y contribuciones del a\u00f1o 2000 y se logr\u00f3 acordar tras la certificaci\u00f3n del Tribunal de Cuentas y ser\u00e1 destinado a la obra social ya que a esto corresponde la mayor parte de la deuda.<br \/>\nSinchicay evit\u00f3 calificar la labor del Directorio respecto a una reforma que haga sustentable al organismo asegurando que se les ha ca\u00eddo \u00abla careta del no d\u00e9ficit\u00bb.<\/p>\n","protected":false},"excerpt":{"rendered":"<p>El presidente del IPAUSS brind\u00f3 detalles del acuerdo con el INFUETUR y la Direcci\u00f3n provincial de puertos en relaci\u00f3n a la cancelaci\u00f3n de deudas que mantienen con el organismo. Vicente Sinchicay explic\u00f3 en Radio Fundaci\u00f3n Austral que la deuda del puerto se trataba de un pr\u00e9stamo que se le otorg\u00f3 oportunamente para la ampliaci\u00f3n del [&hellip;]<\/p>\n","protected":false},"author":7,"featured_media":0,"comment_status":"open","ping_status":"open","sticky":false,"template":"","format":"standard","meta":{"footnotes":""},"categories":[966],"tags":[1361,97,5,464],"class_list":["post-5805","post","type-post","status-publish","format-standard","hentry","category-radio-fundacion-austral","tag-dpp","tag-infuetur","tag-ipauss","tag-sinchicay"],"_links":{"self":[{"href":"https:\/\/archivosonoro.com.ar\/wordpress\/index.php?rest_route=\/wp\/v2\/posts\/5805","targetHints":{"allow":["GET"]}}],"collection":[{"href":"https:\/\/archivosonoro.com.ar\/wordpress\/index.php?rest_route=\/wp\/v2\/posts"}],"about":[{"href":"https:\/\/archivosonoro.com.ar\/wordpress\/index.php?rest_route=\/wp\/v2\/types\/post"}],"author":[{"embeddable":true,"href":"https:\/\/archivosonoro.com.ar\/wordpress\/index.php?rest_route=\/wp\/v2\/users\/7"}],"replies":[{"embeddable":true,"href":"https:\/\/archivosonoro.com.ar\/wordpress\/index.php?rest_route=%2Fwp%2Fv2%2Fcomments&post=5805"}],"version-history":[{"count":1,"href":"https:\/\/archivosonoro.com.ar\/wordpress\/index.php?rest_route=\/wp\/v2\/posts\/5805\/revisions"}],"predecessor-version":[{"id":5806,"href":"https:\/\/archivosonoro.com.ar\/wordpress\/index.php?rest_route=\/wp\/v2\/posts\/5805\/revisions\/5806"}],"wp:attachment":[{"href":"https:\/\/archivosonoro.com.ar\/wordpress\/index.php?rest_route=%2Fwp%2Fv2%2Fmedia&parent=5805"}],"wp:term":[{"taxonomy":"category","embeddable":true,"href":"https:\/\/archivosonoro.com.ar\/wordpress\/index.php?rest_route=%2Fwp%2Fv2%2Fcategories&post=5805"},{"taxonomy":"post_tag","embeddable":true,"href":"https:\/\/archivosonoro.com.ar\/wordpress\/index.php?rest_route=%2Fwp%2Fv2%2Ftags&post=5805"}],"curies":[{"name":"wp","href":"https:\/\/api.w.org\/{rel}","templated":true}]}}