{"id":5634,"date":"2013-04-29T11:23:14","date_gmt":"2013-04-29T14:23:14","guid":{"rendered":"http:\/\/archivosonoro.com.ar\/?p=5634"},"modified":"2013-04-29T11:25:57","modified_gmt":"2013-04-29T14:25:57","slug":"sciutto-r-todos-los-diputados-piden-cosas-para-sus-provincias","status":"publish","type":"post","link":"https:\/\/archivosonoro.com.ar\/wordpress\/?p=5634","title":{"rendered":"Sciutto R: \u00abTodos los diputados piden cosas para sus provincias\u00bb."},"content":{"rendered":"<p>Rub\u00e9n Sciutto opin\u00f3 sobre las declaraciones de Jorge Garramu\u00f1o a quien llam\u00f3 \u00abun buen amigo del gobierno nacional\u00bb y \u00abun aliado de nuestro bloque\u00bb. Dijo que todos los diputados de todas las provincias piden cosas para sus provincias: \u00abconseguir cosas para la gente de uno es bueno y cuando uno tiene la posibilidad de hacerlo por el lugar que ocupa me parece que no hay que desaprovecharlo. Esto no hace que tenga que hacerlo a cambio de un voto ni mucho menos, sino como un simple gestor como diputado de la naci\u00f3n para una provincia\u00bb.<br \/>\nEn FM Lider, Siutto atribuy\u00f3 las repercusiones a \u00abla guerra\u00bb con el Grupo Clar\u00edn y La Naci\u00f3n: \u00abcualquier cosa ellos la levantan para ir en contra de nuestro gobierno\u00bb, afirm\u00f3.<\/p>\n","protected":false},"excerpt":{"rendered":"<p>Rub\u00e9n Sciutto opin\u00f3 sobre las declaraciones de Jorge Garramu\u00f1o a quien llam\u00f3 \u00abun buen amigo del gobierno nacional\u00bb y \u00abun aliado de nuestro bloque\u00bb. Dijo que todos los diputados de todas las provincias piden cosas para sus provincias: \u00abconseguir cosas para la gente de uno es bueno y cuando uno tiene la posibilidad de hacerlo [&hellip;]<\/p>\n","protected":false},"author":7,"featured_media":0,"comment_status":"open","ping_status":"open","sticky":false,"template":"","format":"standard","meta":{"footnotes":""},"categories":[1244],"tags":[53,480,54,52],"class_list":["post-5634","post","type-post","status-publish","format-standard","hentry","category-fm-lider","tag-fpv","tag-garramuno","tag-pj","tag-sciutto"],"_links":{"self":[{"href":"https:\/\/archivosonoro.com.ar\/wordpress\/index.php?rest_route=\/wp\/v2\/posts\/5634","targetHints":{"allow":["GET"]}}],"collection":[{"href":"https:\/\/archivosonoro.com.ar\/wordpress\/index.php?rest_route=\/wp\/v2\/posts"}],"about":[{"href":"https:\/\/archivosonoro.com.ar\/wordpress\/index.php?rest_route=\/wp\/v2\/types\/post"}],"author":[{"embeddable":true,"href":"https:\/\/archivosonoro.com.ar\/wordpress\/index.php?rest_route=\/wp\/v2\/users\/7"}],"replies":[{"embeddable":true,"href":"https:\/\/archivosonoro.com.ar\/wordpress\/index.php?rest_route=%2Fwp%2Fv2%2Fcomments&post=5634"}],"version-history":[{"count":2,"href":"https:\/\/archivosonoro.com.ar\/wordpress\/index.php?rest_route=\/wp\/v2\/posts\/5634\/revisions"}],"predecessor-version":[{"id":5637,"href":"https:\/\/archivosonoro.com.ar\/wordpress\/index.php?rest_route=\/wp\/v2\/posts\/5634\/revisions\/5637"}],"wp:attachment":[{"href":"https:\/\/archivosonoro.com.ar\/wordpress\/index.php?rest_route=%2Fwp%2Fv2%2Fmedia&parent=5634"}],"wp:term":[{"taxonomy":"category","embeddable":true,"href":"https:\/\/archivosonoro.com.ar\/wordpress\/index.php?rest_route=%2Fwp%2Fv2%2Fcategories&post=5634"},{"taxonomy":"post_tag","embeddable":true,"href":"https:\/\/archivosonoro.com.ar\/wordpress\/index.php?rest_route=%2Fwp%2Fv2%2Ftags&post=5634"}],"curies":[{"name":"wp","href":"https:\/\/api.w.org\/{rel}","templated":true}]}}