{"id":5572,"date":"2013-04-23T11:28:27","date_gmt":"2013-04-23T14:28:27","guid":{"rendered":"http:\/\/archivosonoro.com.ar\/?p=5572"},"modified":"2013-04-23T11:28:27","modified_gmt":"2013-04-23T14:28:27","slug":"blanco-c-ipauss-el-sistema-no-resiste-mas-jubilados-de-42-anos","status":"publish","type":"post","link":"https:\/\/archivosonoro.com.ar\/wordpress\/?p=5572","title":{"rendered":"Blanco C: IPAUSS: \u00abEl sistema no resiste m\u00e1s jubilados de 42 a\u00f1os"},"content":{"rendered":"<p>Claudio Blanco dio detalles del decreto de cancelaci\u00f3n de deuda con el IPAUSS. Se\u00f1al\u00f3 que primero se cancelar\u00e1 la deuda generada en la primer gesti\u00f3n de la gobernadora R\u00edos, para avanzar posteriormente en la deuda hist\u00f3rica que el gobierno mantiene con el organismo.<br \/>\nEl Secretario de Presupuesto asegur\u00f3 que en la forma que est\u00e1, el IPAUSS \u00abno tiene a futuro una vida muy larga\u00bb ya que presenta un d\u00e9ficit mensual entre 10 y 12 millones que no les permite pagar las jubilaciones. Adem\u00e1s, dijo que los directores saben que el dinero que les llega es el 100% de lo que tiene que llegar.<br \/>\n\u00abEl sistema no resiste m\u00e1s jubilados de 42 a\u00f1os ni jubilados de m\u00e1s de $70.000\u00bb, afirm\u00f3 el funcionario y reclam\u00f3 que se traten las modificaciones necesarias para hacer sustentable al organismo.<\/p>\n","protected":false},"excerpt":{"rendered":"<p>Claudio Blanco dio detalles del decreto de cancelaci\u00f3n de deuda con el IPAUSS. Se\u00f1al\u00f3 que primero se cancelar\u00e1 la deuda generada en la primer gesti\u00f3n de la gobernadora R\u00edos, para avanzar posteriormente en la deuda hist\u00f3rica que el gobierno mantiene con el organismo. El Secretario de Presupuesto asegur\u00f3 que en la forma que est\u00e1, el [&hellip;]<\/p>\n","protected":false},"author":7,"featured_media":0,"comment_status":"open","ping_status":"open","sticky":false,"template":"","format":"standard","meta":{"footnotes":""},"categories":[966],"tags":[68,5],"class_list":["post-5572","post","type-post","status-publish","format-standard","hentry","category-radio-fundacion-austral","tag-blanco","tag-ipauss"],"_links":{"self":[{"href":"https:\/\/archivosonoro.com.ar\/wordpress\/index.php?rest_route=\/wp\/v2\/posts\/5572","targetHints":{"allow":["GET"]}}],"collection":[{"href":"https:\/\/archivosonoro.com.ar\/wordpress\/index.php?rest_route=\/wp\/v2\/posts"}],"about":[{"href":"https:\/\/archivosonoro.com.ar\/wordpress\/index.php?rest_route=\/wp\/v2\/types\/post"}],"author":[{"embeddable":true,"href":"https:\/\/archivosonoro.com.ar\/wordpress\/index.php?rest_route=\/wp\/v2\/users\/7"}],"replies":[{"embeddable":true,"href":"https:\/\/archivosonoro.com.ar\/wordpress\/index.php?rest_route=%2Fwp%2Fv2%2Fcomments&post=5572"}],"version-history":[{"count":1,"href":"https:\/\/archivosonoro.com.ar\/wordpress\/index.php?rest_route=\/wp\/v2\/posts\/5572\/revisions"}],"predecessor-version":[{"id":5573,"href":"https:\/\/archivosonoro.com.ar\/wordpress\/index.php?rest_route=\/wp\/v2\/posts\/5572\/revisions\/5573"}],"wp:attachment":[{"href":"https:\/\/archivosonoro.com.ar\/wordpress\/index.php?rest_route=%2Fwp%2Fv2%2Fmedia&parent=5572"}],"wp:term":[{"taxonomy":"category","embeddable":true,"href":"https:\/\/archivosonoro.com.ar\/wordpress\/index.php?rest_route=%2Fwp%2Fv2%2Fcategories&post=5572"},{"taxonomy":"post_tag","embeddable":true,"href":"https:\/\/archivosonoro.com.ar\/wordpress\/index.php?rest_route=%2Fwp%2Fv2%2Ftags&post=5572"}],"curies":[{"name":"wp","href":"https:\/\/api.w.org\/{rel}","templated":true}]}}