{"id":5400,"date":"2013-04-11T11:58:00","date_gmt":"2013-04-11T14:58:00","guid":{"rendered":"http:\/\/archivosonoro.com.ar\/?p=5400"},"modified":"2013-04-11T11:58:00","modified_gmt":"2013-04-11T14:58:00","slug":"jubilados-marchan-a-casa-de-gobierno-reclaman-el-saldo-de-sus-jubilaciones","status":"publish","type":"post","link":"https:\/\/archivosonoro.com.ar\/wordpress\/?p=5400","title":{"rendered":"Jubilados marchan a Casa de Gobierno. Reclaman el saldo de sus jubilaciones."},"content":{"rendered":"<p>Varias agrupaciones de jubilados reclaman en el IPAUSS el pago de sus salarios. El Director Maximiliano Heredia dijo que los instar\u00e1 a iniciar un reclamo en conjunto para reestablecer la situaci\u00f3n del organismo. Adem\u00e1s, rechaz\u00f3 la propuesta de pago de deuda presentada por el ejecutivo.<br \/>\n Por su parte, Eduardo Escalante, Director por los pasivos, dijo que deber\u00e1 evaluar la propuesta para dar una opini\u00f3n. Respecto al pago de las jubilaciones de marzo, asegur\u00f3 que los fondos que env\u00eden deben ser tomados como pago de deuda y no como adelanto, tal lo plantea el ejecutivo.<br \/>\nEn tanto, los jubilados reclaman en el organismo y Juan Vera, rechaz\u00f3 de plano la propuesta de cancelaci\u00f3n de deuda del ejecutivo. Asegur\u00f3 que ning\u00fan jubilado cobr\u00f3 este mes el 100% de sus haberes: \u00aba todo el mundo se le debe algo\u00bb, asegur\u00f3.<\/p>\n","protected":false},"excerpt":{"rendered":"<p>Varias agrupaciones de jubilados reclaman en el IPAUSS el pago de sus salarios. El Director Maximiliano Heredia dijo que los instar\u00e1 a iniciar un reclamo en conjunto para reestablecer la situaci\u00f3n del organismo. Adem\u00e1s, rechaz\u00f3 la propuesta de pago de deuda presentada por el ejecutivo. Por su parte, Eduardo Escalante, Director por los pasivos, dijo [&hellip;]<\/p>\n","protected":false},"author":7,"featured_media":0,"comment_status":"open","ping_status":"open","sticky":false,"template":"","format":"standard","meta":{"footnotes":""},"categories":[966],"tags":[331,110,5,133],"class_list":["post-5400","post","type-post","status-publish","format-standard","hentry","category-radio-fundacion-austral","tag-escalante","tag-heredia","tag-ipauss","tag-vera"],"_links":{"self":[{"href":"https:\/\/archivosonoro.com.ar\/wordpress\/index.php?rest_route=\/wp\/v2\/posts\/5400","targetHints":{"allow":["GET"]}}],"collection":[{"href":"https:\/\/archivosonoro.com.ar\/wordpress\/index.php?rest_route=\/wp\/v2\/posts"}],"about":[{"href":"https:\/\/archivosonoro.com.ar\/wordpress\/index.php?rest_route=\/wp\/v2\/types\/post"}],"author":[{"embeddable":true,"href":"https:\/\/archivosonoro.com.ar\/wordpress\/index.php?rest_route=\/wp\/v2\/users\/7"}],"replies":[{"embeddable":true,"href":"https:\/\/archivosonoro.com.ar\/wordpress\/index.php?rest_route=%2Fwp%2Fv2%2Fcomments&post=5400"}],"version-history":[{"count":2,"href":"https:\/\/archivosonoro.com.ar\/wordpress\/index.php?rest_route=\/wp\/v2\/posts\/5400\/revisions"}],"predecessor-version":[{"id":5402,"href":"https:\/\/archivosonoro.com.ar\/wordpress\/index.php?rest_route=\/wp\/v2\/posts\/5400\/revisions\/5402"}],"wp:attachment":[{"href":"https:\/\/archivosonoro.com.ar\/wordpress\/index.php?rest_route=%2Fwp%2Fv2%2Fmedia&parent=5400"}],"wp:term":[{"taxonomy":"category","embeddable":true,"href":"https:\/\/archivosonoro.com.ar\/wordpress\/index.php?rest_route=%2Fwp%2Fv2%2Fcategories&post=5400"},{"taxonomy":"post_tag","embeddable":true,"href":"https:\/\/archivosonoro.com.ar\/wordpress\/index.php?rest_route=%2Fwp%2Fv2%2Ftags&post=5400"}],"curies":[{"name":"wp","href":"https:\/\/api.w.org\/{rel}","templated":true}]}}