{"id":5369,"date":"2013-04-10T11:27:15","date_gmt":"2013-04-10T14:27:15","guid":{"rendered":"http:\/\/archivosonoro.com.ar\/?p=5369"},"modified":"2013-04-10T11:27:15","modified_gmt":"2013-04-10T14:27:15","slug":"rossi-a-nunca-un-proyecto-que-ha-enviado-el-ejecutivo-se-ha-hecho-sin-debate","status":"publish","type":"post","link":"https:\/\/archivosonoro.com.ar\/wordpress\/?p=5369","title":{"rendered":"Rossi A: \u00abnunca un proyecto que ha enviado el ejecutivo se ha hecho sin debate\u00bb"},"content":{"rendered":"<p>El Presidente del bloque de diputados del Frente para la Victoria respondi\u00f3 a las cr\u00edticas que aseguran que los proyectos de reforma del poder judicial elaborados por el ejecutivo nacional se aprobar\u00e1n a libro cerrado: \u00abnunca un proyecto que ha enviado el ejecutivo se ha hecho sin debate\u00bb, asegur\u00f3.<br \/>\nAgust\u00edn Rossi habl\u00f3 adem\u00e1s de Jorge Yoma que preside la Comisi\u00f3n de Justicia a propuesta del oficialismo: \u00abclaramente, su opini\u00f3n no representa al oficialismo, tendr\u00eda que re pensar su rol\u00bb, dijo en Radio Vorterix y le recomend\u00f3 \u00abbuscar alg\u00fan tipo de reflexi\u00f3n anal\u00edtica que le permita saber que es lo que quiere hacer\u00bb.<\/p>\n","protected":false},"excerpt":{"rendered":"<p>El Presidente del bloque de diputados del Frente para la Victoria respondi\u00f3 a las cr\u00edticas que aseguran que los proyectos de reforma del poder judicial elaborados por el ejecutivo nacional se aprobar\u00e1n a libro cerrado: \u00abnunca un proyecto que ha enviado el ejecutivo se ha hecho sin debate\u00bb, asegur\u00f3. Agust\u00edn Rossi habl\u00f3 adem\u00e1s de Jorge [&hellip;]<\/p>\n","protected":false},"author":7,"featured_media":0,"comment_status":"open","ping_status":"open","sticky":false,"template":"","format":"standard","meta":{"footnotes":""},"categories":[3],"tags":[53,1264,269,995],"class_list":["post-5369","post","type-post","status-publish","format-standard","hentry","category-radio-provincia","tag-fpv","tag-reforma-judicial","tag-rossi","tag-yoma"],"_links":{"self":[{"href":"https:\/\/archivosonoro.com.ar\/wordpress\/index.php?rest_route=\/wp\/v2\/posts\/5369","targetHints":{"allow":["GET"]}}],"collection":[{"href":"https:\/\/archivosonoro.com.ar\/wordpress\/index.php?rest_route=\/wp\/v2\/posts"}],"about":[{"href":"https:\/\/archivosonoro.com.ar\/wordpress\/index.php?rest_route=\/wp\/v2\/types\/post"}],"author":[{"embeddable":true,"href":"https:\/\/archivosonoro.com.ar\/wordpress\/index.php?rest_route=\/wp\/v2\/users\/7"}],"replies":[{"embeddable":true,"href":"https:\/\/archivosonoro.com.ar\/wordpress\/index.php?rest_route=%2Fwp%2Fv2%2Fcomments&post=5369"}],"version-history":[{"count":1,"href":"https:\/\/archivosonoro.com.ar\/wordpress\/index.php?rest_route=\/wp\/v2\/posts\/5369\/revisions"}],"predecessor-version":[{"id":5370,"href":"https:\/\/archivosonoro.com.ar\/wordpress\/index.php?rest_route=\/wp\/v2\/posts\/5369\/revisions\/5370"}],"wp:attachment":[{"href":"https:\/\/archivosonoro.com.ar\/wordpress\/index.php?rest_route=%2Fwp%2Fv2%2Fmedia&parent=5369"}],"wp:term":[{"taxonomy":"category","embeddable":true,"href":"https:\/\/archivosonoro.com.ar\/wordpress\/index.php?rest_route=%2Fwp%2Fv2%2Fcategories&post=5369"},{"taxonomy":"post_tag","embeddable":true,"href":"https:\/\/archivosonoro.com.ar\/wordpress\/index.php?rest_route=%2Fwp%2Fv2%2Ftags&post=5369"}],"curies":[{"name":"wp","href":"https:\/\/api.w.org\/{rel}","templated":true}]}}